{"id":38800,"date":"2024-03-20T10:51:09","date_gmt":"2024-03-20T13:51:09","guid":{"rendered":"http:\/\/jornaldeitaipava.com.br\/?p=38800"},"modified":"2024-03-20T10:51:10","modified_gmt":"2024-03-20T13:51:10","slug":"projeto-de-lei-propoe-distribuicao-gratuita-de-repelentes-para-combate-ao-aedes-aegypti-transmissor-da-dengue-em-petropolis","status":"publish","type":"post","link":"https:\/\/jornaldeitaipava.com.br\/index.php\/2024\/03\/20\/projeto-de-lei-propoe-distribuicao-gratuita-de-repelentes-para-combate-ao-aedes-aegypti-transmissor-da-dengue-em-petropolis\/","title":{"rendered":"Projeto de lei prop\u00f5e distribui\u00e7\u00e3o gratuita de repelentes para combate ao Aedes Aegypti, transmissor da Dengue em Petr\u00f3polis"},"content":{"rendered":"\n<p>O presidente da c\u00e2mara, vereador J\u00fanior Coruja apresentou nesta ter\u00e7a-feira (19), um projeto de lei que visa combater doen\u00e7as transmitidas pelo mosquito Aedes Aegypti, como Dengue, Chikungunya e Febre Amarela, por meio da distribui\u00e7\u00e3o gratuita de repelentes em unidades p\u00fablicas de sa\u00fade.<br>O projeto estabelece a obrigatoriedade de fornecer repelentes gratuitamente em todas as unidades de sa\u00fade do munic\u00edpio onde a Secretaria Municipal de Sa\u00fade ser\u00e1 encarregada de adquirir e distribuir os repelentes comprovadamente eficazes contra o Aedes aegypti e seguros para uso por gestantes e crian\u00e7as, garantindo uma organiza\u00e7\u00e3o eficiente nesse processo.<br>O munic\u00edpio de Petr\u00f3polis, como muitos outros no Brasil, enfrenta desafios constantes relacionados \u00e0s doen\u00e7as transmitidas por vetores. A distribui\u00e7\u00e3o gratuita de repelentes \u00e9 uma medida proativa e eficaz para combater essas doen\u00e7as, especialmente para aqueles em situa\u00e7\u00e3o de vulnerabilidade socioecon\u00f4mica.<br>&#8220;Este projeto de lei busca reduzir o \u00f4nus sobre o sistema de sa\u00fade municipal e melhorar a qualidade de vida dos cidad\u00e3os, promovendo uma abordagem integrada e multifacetada na preven\u00e7\u00e3o e controle dessas enfermidades&#8221;, afirma o vereador.<br>Aprovado pela C\u00e2mara Municipal o projeto segue para san\u00e7\u00e3o do executivo.<\/p>\n","protected":false},"excerpt":{"rendered":"<p>O presidente da c\u00e2mara, vereador J\u00fanior Coruja apresentou nesta ter\u00e7a-feira (19), um projeto de lei<\/p>\n","protected":false},"author":1,"featured_media":32977,"comment_status":"closed","ping_status":"open","sticky":false,"template":"","format":"standard","meta":{"spay_email":"","footnotes":"","jetpack_publicize_message":""},"categories":[2],"tags":[],"jetpack_featured_media_url":"https:\/\/i0.wp.com\/jornaldeitaipava.com.br\/wp-content\/uploads\/2023\/01\/CORUJA.jpg?fit=1560%2C1040&ssl=1","jetpack_publicize_connections":[],"jetpack_sharing_enabled":true,"jetpack_likes_enabled":true,"jetpack-related-posts":[],"_links":{"self":[{"href":"https:\/\/jornaldeitaipava.com.br\/index.php\/wp-json\/wp\/v2\/posts\/38800"}],"collection":[{"href":"https:\/\/jornaldeitaipava.com.br\/index.php\/wp-json\/wp\/v2\/posts"}],"about":[{"href":"https:\/\/jornaldeitaipava.com.br\/index.php\/wp-json\/wp\/v2\/types\/post"}],"author":[{"embeddable":true,"href":"https:\/\/jornaldeitaipava.com.br\/index.php\/wp-json\/wp\/v2\/users\/1"}],"replies":[{"embeddable":true,"href":"https:\/\/jornaldeitaipava.com.br\/index.php\/wp-json\/wp\/v2\/comments?post=38800"}],"version-history":[{"count":1,"href":"https:\/\/jornaldeitaipava.com.br\/index.php\/wp-json\/wp\/v2\/posts\/38800\/revisions"}],"predecessor-version":[{"id":38801,"href":"https:\/\/jornaldeitaipava.com.br\/index.php\/wp-json\/wp\/v2\/posts\/38800\/revisions\/38801"}],"wp:featuredmedia":[{"embeddable":true,"href":"https:\/\/jornaldeitaipava.com.br\/index.php\/wp-json\/wp\/v2\/media\/32977"}],"wp:attachment":[{"href":"https:\/\/jornaldeitaipava.com.br\/index.php\/wp-json\/wp\/v2\/media?parent=38800"}],"wp:term":[{"taxonomy":"category","embeddable":true,"href":"https:\/\/jornaldeitaipava.com.br\/index.php\/wp-json\/wp\/v2\/categories?post=38800"},{"taxonomy":"post_tag","embeddable":true,"href":"https:\/\/jornaldeitaipava.com.br\/index.php\/wp-json\/wp\/v2\/tags?post=38800"}],"curies":[{"name":"wp","href":"https:\/\/api.w.org\/{rel}","templated":true}]}}