{"id":38811,"date":"2024-03-20T20:25:15","date_gmt":"2024-03-20T23:25:15","guid":{"rendered":"http:\/\/jornaldeitaipava.com.br\/?p=38811"},"modified":"2024-03-20T20:25:16","modified_gmt":"2024-03-20T23:25:16","slug":"prefeitura-instala-centro-integrado-de-comando-e-controle-por-conta-da-previsao-de-chuvas-fortes","status":"publish","type":"post","link":"https:\/\/jornaldeitaipava.com.br\/index.php\/2024\/03\/20\/prefeitura-instala-centro-integrado-de-comando-e-controle-por-conta-da-previsao-de-chuvas-fortes\/","title":{"rendered":"Prefeitura instala Centro Integrado de Comando e Controle por conta da previs\u00e3o de chuvas fortes"},"content":{"rendered":"\n<p>O prefeito Rubens Bomtempo convocou o Comit\u00ea de A\u00e7\u00f5es Emergenciais, nesta quarta-feira (20), e instalou o Centro Integrado de Comando e Controle por conta da previs\u00e3o de chuvas fortes para os pr\u00f3ximos cinco dias (de quinta-feira, 21, a segunda-feira, 25).<br>O objetivo das medidas \u00e9 alinhar os \u00f3rg\u00e3os e entidades que fazem parte do comit\u00ea para preparar a cidade para as chuvas que est\u00e3o previstas. A reuni\u00e3o foi realizada na sede da Prefeitura, na Avenida Koeler.<br>\u201cHoje instalamos o Centro Integrado de Comando e Controle, reunindo todas as for\u00e7as envolvidas no preparo e na resposta \u00e0s chuvas. Para todo mundo trabalhar em conjunto. Todos n\u00f3s estamos em alerta\u201d, disse o prefeito Rubens Bomtempo.<br>Participaram da reuni\u00e3o: os \u00f3rg\u00e3os da Prefeitura (Defesa Civil, Assist\u00eancia Social, Obras, Educa\u00e7\u00e3o, CPTrans, entre outras secretarias), o Corpo de Bombeiros (15\u00ba GBM), o Ex\u00e9rcito (32.\u00ba Batalh\u00e3o de Infantaria Leve \u2013 Montanha) e as concession\u00e1rias \u00c1guas do Imperador e Enel.<br>\u201c\u00c9 importante que a popula\u00e7\u00e3o fique atenta e acompanhe os alertas da Defesa Civil. Pelo Instagram, pelo Telegram e por mensagens de SMS. A Defesa Civil segue monitorando as condi\u00e7\u00f5es do tempo e emitir\u00e1 alertas, informes ou atualiza\u00e7\u00f5es a qualquer momento\u201d, disse o secret\u00e1rio de Defesa Civil, Rafael Sim\u00e3o.<br>A meteorologista da Secretaria de Defesa Civil, Giselle Petrungaro, falou sobre a previs\u00e3o para os pr\u00f3ximos dias.<br>\u201cA previs\u00e3o \u00e9 de tempo inst\u00e1vel no munic\u00edpio. Isso porque est\u00e1 se aproximando da costa do estado do Rio uma frente fria, com posterior forma\u00e7\u00e3o de um sistema de baixa press\u00e3o. Emitimos um alerta meteorol\u00f3gico com vig\u00eancia das 15 horas desta quarta (20) at\u00e9 a segunda-feira (25). Nesse per\u00edodo, s\u00e3o esperados acumulados de chuva significativos&#8221;, disse Petrungaro.<\/p>\n\n\n\n<p><strong>Saiba como receber os alertas da Defesa Civil<br><\/strong>Para receber alertas da Defesa Civil, o morador dever enviar o CEP de onde mora por meio de mensagem de texto para o n\u00famero 40199. Outra op\u00e7\u00e3o \u00e9 acompanhar o aplicativo Telegram <a href=\"https:\/\/t.me\/defesacivilpetropolis\" target=\"_blank\" rel=\"noreferrer noopener\">https:\/\/t.me\/defesacivilpetropolis<\/a>.<br>O boletim meteorol\u00f3gico atualizar\u00e1 a previs\u00e3o do tempo para a cidade, podendo ser acessado atrav\u00e9s do link: <a href=\"http:\/\/www.petropolis.rj.gov.br\/boletim\" target=\"_blank\" rel=\"noreferrer noopener\">http:\/\/www.petropolis.rj.gov.br\/boletim<\/a><\/p>\n","protected":false},"excerpt":{"rendered":"<p>O prefeito Rubens Bomtempo convocou o Comit\u00ea de A\u00e7\u00f5es Emergenciais, nesta quarta-feira (20), e instalou<\/p>\n","protected":false},"author":1,"featured_media":38812,"comment_status":"closed","ping_status":"open","sticky":false,"template":"","format":"standard","meta":{"spay_email":"","footnotes":"","jetpack_publicize_message":""},"categories":[24],"tags":[],"jetpack_featured_media_url":"https:\/\/i2.wp.com\/jornaldeitaipava.com.br\/wp-content\/uploads\/2024\/03\/WhatsApp-Image-2024-03-20-at-20.16.37.jpeg?fit=1599%2C1066&ssl=1","jetpack_publicize_connections":[],"jetpack_sharing_enabled":true,"jetpack_likes_enabled":true,"jetpack-related-posts":[],"_links":{"self":[{"href":"https:\/\/jornaldeitaipava.com.br\/index.php\/wp-json\/wp\/v2\/posts\/38811"}],"collection":[{"href":"https:\/\/jornaldeitaipava.com.br\/index.php\/wp-json\/wp\/v2\/posts"}],"about":[{"href":"https:\/\/jornaldeitaipava.com.br\/index.php\/wp-json\/wp\/v2\/types\/post"}],"author":[{"embeddable":true,"href":"https:\/\/jornaldeitaipava.com.br\/index.php\/wp-json\/wp\/v2\/users\/1"}],"replies":[{"embeddable":true,"href":"https:\/\/jornaldeitaipava.com.br\/index.php\/wp-json\/wp\/v2\/comments?post=38811"}],"version-history":[{"count":1,"href":"https:\/\/jornaldeitaipava.com.br\/index.php\/wp-json\/wp\/v2\/posts\/38811\/revisions"}],"predecessor-version":[{"id":38813,"href":"https:\/\/jornaldeitaipava.com.br\/index.php\/wp-json\/wp\/v2\/posts\/38811\/revisions\/38813"}],"wp:featuredmedia":[{"embeddable":true,"href":"https:\/\/jornaldeitaipava.com.br\/index.php\/wp-json\/wp\/v2\/media\/38812"}],"wp:attachment":[{"href":"https:\/\/jornaldeitaipava.com.br\/index.php\/wp-json\/wp\/v2\/media?parent=38811"}],"wp:term":[{"taxonomy":"category","embeddable":true,"href":"https:\/\/jornaldeitaipava.com.br\/index.php\/wp-json\/wp\/v2\/categories?post=38811"},{"taxonomy":"post_tag","embeddable":true,"href":"https:\/\/jornaldeitaipava.com.br\/index.php\/wp-json\/wp\/v2\/tags?post=38811"}],"curies":[{"name":"wp","href":"https:\/\/api.w.org\/{rel}","templated":true}]}}