{"id":38851,"date":"2024-03-22T10:43:36","date_gmt":"2024-03-22T13:43:36","guid":{"rendered":"http:\/\/jornaldeitaipava.com.br\/?p=38851"},"modified":"2024-03-22T10:43:38","modified_gmt":"2024-03-22T13:43:38","slug":"peca-do-teatro-do-oprimido-do-forum-itaborai-e-indicado-ao-premio-maestro-guerra-peixe-de-cultura","status":"publish","type":"post","link":"https:\/\/jornaldeitaipava.com.br\/index.php\/2024\/03\/22\/peca-do-teatro-do-oprimido-do-forum-itaborai-e-indicado-ao-premio-maestro-guerra-peixe-de-cultura\/","title":{"rendered":"Pe\u00e7a do Teatro do Oprimido do F\u00f3rum Itabora\u00ed \u00e9 indicado ao Pr\u00eamio Maestro Guerra Peixe de Cultura"},"content":{"rendered":"\n<p>Com o t\u00edtulo \u201cFome, que fome\u201d, a pe\u00e7a foi encenada na abertura da Jornada Ci\u00eancia e Comunidade do Amazonas em janeiro de 2023, trazendo a reflex\u00e3o para o tema \u201ccombate \u00e0 fome\u201d<br>A pe\u00e7a \u201cFome, que fome\u201d do N\u00facleo do Teatro do Oprimido do F\u00f3rum Itabora\u00ed: Pol\u00edtica, Ci\u00eancia e Cultura na Sa\u00fade, programa da presid\u00eancia da Fiocruz em Petr\u00f3polis, foi indicada ao Pr\u00eamio Maestro Guerra Peixe de Cultura, na categoria a\u00e7\u00f5es perif\u00e9ricas. A pe\u00e7a foi encenada na abertura da Jornada Ci\u00eancia e Comunidade do Amazonas, no Quitandinha, em janeiro de 2023.<br>Constru\u00edda em parceria com agentes de sa\u00fade e lideran\u00e7as comunit\u00e1rias do Amazonas, Vila Rica e Estrada da Saudade, a pe\u00e7a buscou promover uma reflex\u00e3o sobre a fome e como ela est\u00e1 diretamente ligada \u00e0 sa\u00fade da popula\u00e7\u00e3o. O processo de constru\u00e7\u00e3o ocorreu durante oficinas realizadas no F\u00f3rum Itabora\u00ed e a partir de experi\u00eancias vividas pelo grupo.<br>Na ocasi\u00e3o, a pe\u00e7a trouxe \u00e0 tona a situa\u00e7\u00e3o de uma estudante que chega a desmaiar de fome na escola. Na plateia, muitos dos participantes da jornada reconheceram a situa\u00e7\u00e3o e, por meio da t\u00e9cnica do Teatro F\u00f3rum, algumas pessoas foram at\u00e9 o palco para mostrar como agiriam diante daquele contexto de forma a garantir que a estudante e sua fam\u00edlia tivessem acesso a alimentos. Assim, uma das propostas imediatas foi entrar em contato com o Centro de Refer\u00eancia e Assist\u00eancia Social (CRAS) para conseguir as doa\u00e7\u00f5es de cestas b\u00e1sicas.<br>Para Tha\u00eds Paiva, professora do Teatro do Oprimido, a indica\u00e7\u00e3o ao pr\u00eamio Maestro Guerra Peixe \u00e9 o reconhecimento de um trabalho coletivo, que une diferentes comunidades e agentes sociais. \u201cTodos em torno de uma proposta de transforma\u00e7\u00e3o da realidade que \u00e9 apresentada\u201d, afirma.<br>A pe\u00e7a \u201cFome, que fome\u201d tamb\u00e9m foi apresentada em 2023 no CRAS do Centro de Petr\u00f3polis e no Posto de Sa\u00fade da Fam\u00edlia da Estrada da Saudade.<br>Em agosto de 2023, o Teatro do Oprimido do F\u00f3rum Itabora\u00ed tamb\u00e9m apresentou a pe\u00e7a \u201cCidade pra quem\u201d durante a Jornada Ci\u00eancia e Comunidade da Posse, que teve como tema o Direito \u00e0 cidade. A pe\u00e7a trouxe fatos da rotina dos moradores do quinto distrito que enfrentam dificuldades para ter acesso at\u00e9 mesmo a servi\u00e7os b\u00e1sicos.<br>Em fevereiro de 2024, mais uma pe\u00e7a constitu\u00edda pelo N\u00facleo do TO foi apresentada na Jornada Ci\u00eancia e Comunidade na Vila Rica: \u201cNosso lixo de cada dia\u201d. A Jornada teve como tema \u201cCidades saud\u00e1veis e sustent\u00e1veis\u201d com foco na gest\u00e3o do lixo.\u2019\u2019<\/p>\n\n\n\n<p><strong>Sobre o TO<br><\/strong>O Teatro do Oprimido (TO) \u00e9 uma metodologia criada por Augusto Boal, teatr\u00f3logo brasileiro. A ideia \u00e9 democratizar os meios de produ\u00e7\u00e3o do teatro e proporcionar a transforma\u00e7\u00e3o pol\u00edtica e social. Na pr\u00e1tica, a t\u00e9cnica leva a apresenta\u00e7\u00f5es de situa\u00e7\u00f5es opressoras e busca transform\u00e1-las, assim como despertar o sentimento de cidadania entre os atores, atrizes e a plateia.<br>Em 2023, foi criado o curso de forma\u00e7\u00e3o de multiplicadores do TO do F\u00f3rum Itabora\u00ed com o objetivo de que essas pessoas possam levar para seus territ\u00f3rios os conhecimentos adquiridos. A primeira turma, composta por 11 multiplicadores de diferentes comunidades de Petr\u00f3polis concluiu a forma\u00e7\u00e3o em dezembro de 2023. O curso teve dura\u00e7\u00e3o de oito meses e contou com a parceria das Secretarias de Sa\u00fade e Assist\u00eancia Social do munic\u00edpio.<\/p>\n\n\n\n<p>Link da pe\u00e7a no youtube: <a href=\"https:\/\/youtu.be\/IEQUpWKqRT4\" target=\"_blank\" rel=\"noreferrer noopener\">https:\/\/youtu.be\/IEQUpWKqRT4<\/a><\/p>\n","protected":false},"excerpt":{"rendered":"<p>Com o t\u00edtulo \u201cFome, que fome\u201d, a pe\u00e7a foi encenada na abertura da Jornada Ci\u00eancia<\/p>\n","protected":false},"author":1,"featured_media":38852,"comment_status":"closed","ping_status":"open","sticky":false,"template":"","format":"standard","meta":{"spay_email":"","footnotes":"","jetpack_publicize_message":""},"categories":[1],"tags":[],"jetpack_featured_media_url":"https:\/\/i1.wp.com\/jornaldeitaipava.com.br\/wp-content\/uploads\/2024\/03\/Teatro-do-Oprimido_Foto_Luiz-Pistone-scaled.jpg?fit=2560%2C1920&ssl=1","jetpack_publicize_connections":[],"jetpack_sharing_enabled":true,"jetpack_likes_enabled":true,"jetpack-related-posts":[],"_links":{"self":[{"href":"https:\/\/jornaldeitaipava.com.br\/index.php\/wp-json\/wp\/v2\/posts\/38851"}],"collection":[{"href":"https:\/\/jornaldeitaipava.com.br\/index.php\/wp-json\/wp\/v2\/posts"}],"about":[{"href":"https:\/\/jornaldeitaipava.com.br\/index.php\/wp-json\/wp\/v2\/types\/post"}],"author":[{"embeddable":true,"href":"https:\/\/jornaldeitaipava.com.br\/index.php\/wp-json\/wp\/v2\/users\/1"}],"replies":[{"embeddable":true,"href":"https:\/\/jornaldeitaipava.com.br\/index.php\/wp-json\/wp\/v2\/comments?post=38851"}],"version-history":[{"count":1,"href":"https:\/\/jornaldeitaipava.com.br\/index.php\/wp-json\/wp\/v2\/posts\/38851\/revisions"}],"predecessor-version":[{"id":38853,"href":"https:\/\/jornaldeitaipava.com.br\/index.php\/wp-json\/wp\/v2\/posts\/38851\/revisions\/38853"}],"wp:featuredmedia":[{"embeddable":true,"href":"https:\/\/jornaldeitaipava.com.br\/index.php\/wp-json\/wp\/v2\/media\/38852"}],"wp:attachment":[{"href":"https:\/\/jornaldeitaipava.com.br\/index.php\/wp-json\/wp\/v2\/media?parent=38851"}],"wp:term":[{"taxonomy":"category","embeddable":true,"href":"https:\/\/jornaldeitaipava.com.br\/index.php\/wp-json\/wp\/v2\/categories?post=38851"},{"taxonomy":"post_tag","embeddable":true,"href":"https:\/\/jornaldeitaipava.com.br\/index.php\/wp-json\/wp\/v2\/tags?post=38851"}],"curies":[{"name":"wp","href":"https:\/\/api.w.org\/{rel}","templated":true}]}}