{"id":38857,"date":"2024-03-22T10:51:31","date_gmt":"2024-03-22T13:51:31","guid":{"rendered":"http:\/\/jornaldeitaipava.com.br\/?p=38857"},"modified":"2024-03-22T10:51:33","modified_gmt":"2024-03-22T13:51:33","slug":"acep-e-sebrae-promovem-oficina-midias-sociais-para-negocios-na-posse","status":"publish","type":"post","link":"https:\/\/jornaldeitaipava.com.br\/index.php\/2024\/03\/22\/acep-e-sebrae-promovem-oficina-midias-sociais-para-negocios-na-posse\/","title":{"rendered":"ACEP e SEBRAE promovem Oficina: M\u00eddias Sociais para Neg\u00f3cios na Posse"},"content":{"rendered":"\n<p>A ACEP, em parceria com o SEBRAE, apresenta a Oficina: M\u00eddias Sociais para Neg\u00f3cios. Prepare-se para aprender estrat\u00e9gias eficazes que v\u00e3o potencializar a visibilidade de sua empresa, engajar seu p\u00fablico-alvo e impulsionar os resultados do seu empreendimento.<br>Desde sua funda\u00e7\u00e3o na d\u00e9cada de 30, a ACEP &#8211; Associa\u00e7\u00e3o Comercial e Empresarial de Petr\u00f3polis tem sido um pilar fundamental para o crescimento e desenvolvimento das empresas locais. Com um hist\u00f3rico de contribui\u00e7\u00f5es diretas e indiretas para o fortalecimento do setor econ\u00f4mico do munic\u00edpio, a ACEP tem se destacado como uma entidade comprometida com o empresariado.<br>Em 2023, a ACEP movimentou o cen\u00e1rio da regi\u00e3o serrana com a organiza\u00e7\u00e3o do Petr\u00f3polis Business, um evento que atraiu quase 30 mil pessoas durante 4 dias e reuniu 260 expositores locais no Centro Cultural Sesc Quitandinha. Esse sucesso refor\u00e7ou o compromisso da associa\u00e7\u00e3o em promover novas iniciativas com o objetivo de impulsionar o desenvolvimento empresarial na regi\u00e3o.<br>Com o objetivo de tornar os empres\u00e1rios mais antenados com o mercado, a ACEP, em parceria com o SEBRAE e com o apoio da Prefeitura de Petr\u00f3polis, anuncia a realiza\u00e7\u00e3o da Oficina: M\u00eddias Sociais para Neg\u00f3cios, que acontecer\u00e1 na pr\u00f3xima ter\u00e7a-feira, 26 de mar\u00e7o, no CEU das Artes (Pra\u00e7a Corta Rio) na Posse, \u00e0s 18h30. O objetivo principal desta iniciativa \u00e9 atender \u00e0 crescente necessidade das empresas locais em melhorar sua presen\u00e7a digital, proporcionando orienta\u00e7\u00f5es pr\u00e1ticas e conte\u00fado t\u00e9cnico de f\u00e1cil assimila\u00e7\u00e3o.<br>Ter uma presen\u00e7a s\u00f3lida nas redes sociais \u00e9 crucial nos dias de hoje para fortalecer a marca, estabelecer um contato direto com clientes, fornecedores, e aumentar a lucratividade das empresas. A oficina visa capacitar empres\u00e1rios e potenciais empreendedores locais a conduzir suas estrat\u00e9gias de m\u00eddias sociais de forma eficaz e assertiva.<br>A oficina \u00e9 gratuita e para participar \u00e9 preciso fazer a inscri\u00e7\u00e3o no site da ACEP, www.acep.com.br ou atrav\u00e9s do site do SEBRAE <a href=\"http:\/\/www.sebrae.com.br.\">www.sebrae.com.br.<\/a><br>As vagas s\u00e3o limitadas!<\/p>\n\n\n\n<p>Para mais informa\u00e7\u00f5es, entre em contato com a ACEP pelo telefone (24) 2237-1101 ou pelo e-mail aceppetropolis@gmail.com<br>Oficina: M\u00eddias Sociais para Neg\u00f3cios em Petr\u00f3polis<br>Realiza\u00e7\u00e3o: ACEP e SEBRAE<br>Apoio: Prefeitura de Petr\u00f3polis<\/p>\n\n\n\n<p>Data: 26\/03\/2024<br>Hor\u00e1rio: 18h30<br>P\u00fablico: Empres\u00e1rios e empreendedores<br>Local: CEU das ARTES (Pra\u00e7a Corta Rio), Estr. Uni\u00e3o e Ind\u00fastria, 746, Posse<br>Inscri\u00e7\u00e3o gratuita: <a href=\"http:\/\/www.acep.com.br\">www.acep.com.br<\/a> \/ <a href=\"http:\/\/www.sebrae.com.br\">www.sebrae.com.br<\/a><br><\/p>\n","protected":false},"excerpt":{"rendered":"<p>A ACEP, em parceria com o SEBRAE, apresenta a Oficina: M\u00eddias Sociais para Neg\u00f3cios. Prepare-se<\/p>\n","protected":false},"author":1,"featured_media":27936,"comment_status":"closed","ping_status":"open","sticky":false,"template":"","format":"standard","meta":{"spay_email":"","footnotes":"","jetpack_publicize_message":""},"categories":[2],"tags":[],"jetpack_featured_media_url":"https:\/\/i1.wp.com\/jornaldeitaipava.com.br\/wp-content\/uploads\/2022\/05\/CEU-POSSE.jpg?fit=1080%2C607&ssl=1","jetpack_publicize_connections":[],"jetpack_sharing_enabled":true,"jetpack_likes_enabled":true,"jetpack-related-posts":[],"_links":{"self":[{"href":"https:\/\/jornaldeitaipava.com.br\/index.php\/wp-json\/wp\/v2\/posts\/38857"}],"collection":[{"href":"https:\/\/jornaldeitaipava.com.br\/index.php\/wp-json\/wp\/v2\/posts"}],"about":[{"href":"https:\/\/jornaldeitaipava.com.br\/index.php\/wp-json\/wp\/v2\/types\/post"}],"author":[{"embeddable":true,"href":"https:\/\/jornaldeitaipava.com.br\/index.php\/wp-json\/wp\/v2\/users\/1"}],"replies":[{"embeddable":true,"href":"https:\/\/jornaldeitaipava.com.br\/index.php\/wp-json\/wp\/v2\/comments?post=38857"}],"version-history":[{"count":1,"href":"https:\/\/jornaldeitaipava.com.br\/index.php\/wp-json\/wp\/v2\/posts\/38857\/revisions"}],"predecessor-version":[{"id":38858,"href":"https:\/\/jornaldeitaipava.com.br\/index.php\/wp-json\/wp\/v2\/posts\/38857\/revisions\/38858"}],"wp:featuredmedia":[{"embeddable":true,"href":"https:\/\/jornaldeitaipava.com.br\/index.php\/wp-json\/wp\/v2\/media\/27936"}],"wp:attachment":[{"href":"https:\/\/jornaldeitaipava.com.br\/index.php\/wp-json\/wp\/v2\/media?parent=38857"}],"wp:term":[{"taxonomy":"category","embeddable":true,"href":"https:\/\/jornaldeitaipava.com.br\/index.php\/wp-json\/wp\/v2\/categories?post=38857"},{"taxonomy":"post_tag","embeddable":true,"href":"https:\/\/jornaldeitaipava.com.br\/index.php\/wp-json\/wp\/v2\/tags?post=38857"}],"curies":[{"name":"wp","href":"https:\/\/api.w.org\/{rel}","templated":true}]}}