{"id":38859,"date":"2024-03-22T11:32:55","date_gmt":"2024-03-22T14:32:55","guid":{"rendered":"http:\/\/jornaldeitaipava.com.br\/?p=38859"},"modified":"2024-03-22T11:32:58","modified_gmt":"2024-03-22T14:32:58","slug":"ambulante-morre-apos-ser-atingido-por-raio-em-arraial-do-cabo","status":"publish","type":"post","link":"https:\/\/jornaldeitaipava.com.br\/index.php\/2024\/03\/22\/ambulante-morre-apos-ser-atingido-por-raio-em-arraial-do-cabo\/","title":{"rendered":"Ambulante morre ap\u00f3s ser atingido por raio em Arraial do Cabo"},"content":{"rendered":"\n<p>Um homem morreu ap\u00f3s ser atingido por um raio na manh\u00e3 desta sexta-feira (22) na Praia do Pontal, em Arraial do Cabo, Regi\u00e3o dos Lagos. De acordo com informa\u00e7\u00f5es a v\u00edtima era um vendedor ambulante que atuava no local.<br>O Corpo de Bombeiros chegou a ser acionado para prestar socorro \u00e0 v\u00edtima por\u00e9m, ao chegarem no local, os agentes constataram a morte.<br>A Defesa Civil foi acionada para fazer a remo\u00e7\u00e3o do corpo, que ser\u00e1 encaminhado para o Insituto M\u00e9dico Legal (IML) de Cabo Frio, onde passa por per\u00edcia.<br>Ainda segundo informa\u00e7\u00f5es, outras pessoas que estavam nas proximidades tamb\u00e9m foram atingidas pela descarga el\u00e9trica. N\u00e3o h\u00e1 informa\u00e7\u00f5es sobre o estado de sa\u00fade delas.<\/p>\n\n\n\n<p>Fonte: Folha de B\u00fazios<\/p>\n","protected":false},"excerpt":{"rendered":"<p>Um homem morreu ap\u00f3s ser atingido por um raio na manh\u00e3 desta sexta-feira (22) na<\/p>\n","protected":false},"author":1,"featured_media":38861,"comment_status":"closed","ping_status":"open","sticky":false,"template":"","format":"standard","meta":{"spay_email":"","footnotes":"","jetpack_publicize_message":""},"categories":[5],"tags":[],"jetpack_featured_media_url":"https:\/\/i0.wp.com\/jornaldeitaipava.com.br\/wp-content\/uploads\/2024\/03\/raio.png?fit=575%2C356&ssl=1","jetpack_publicize_connections":[],"jetpack_sharing_enabled":true,"jetpack_likes_enabled":true,"jetpack-related-posts":[],"_links":{"self":[{"href":"https:\/\/jornaldeitaipava.com.br\/index.php\/wp-json\/wp\/v2\/posts\/38859"}],"collection":[{"href":"https:\/\/jornaldeitaipava.com.br\/index.php\/wp-json\/wp\/v2\/posts"}],"about":[{"href":"https:\/\/jornaldeitaipava.com.br\/index.php\/wp-json\/wp\/v2\/types\/post"}],"author":[{"embeddable":true,"href":"https:\/\/jornaldeitaipava.com.br\/index.php\/wp-json\/wp\/v2\/users\/1"}],"replies":[{"embeddable":true,"href":"https:\/\/jornaldeitaipava.com.br\/index.php\/wp-json\/wp\/v2\/comments?post=38859"}],"version-history":[{"count":1,"href":"https:\/\/jornaldeitaipava.com.br\/index.php\/wp-json\/wp\/v2\/posts\/38859\/revisions"}],"predecessor-version":[{"id":38862,"href":"https:\/\/jornaldeitaipava.com.br\/index.php\/wp-json\/wp\/v2\/posts\/38859\/revisions\/38862"}],"wp:featuredmedia":[{"embeddable":true,"href":"https:\/\/jornaldeitaipava.com.br\/index.php\/wp-json\/wp\/v2\/media\/38861"}],"wp:attachment":[{"href":"https:\/\/jornaldeitaipava.com.br\/index.php\/wp-json\/wp\/v2\/media?parent=38859"}],"wp:term":[{"taxonomy":"category","embeddable":true,"href":"https:\/\/jornaldeitaipava.com.br\/index.php\/wp-json\/wp\/v2\/categories?post=38859"},{"taxonomy":"post_tag","embeddable":true,"href":"https:\/\/jornaldeitaipava.com.br\/index.php\/wp-json\/wp\/v2\/tags?post=38859"}],"curies":[{"name":"wp","href":"https:\/\/api.w.org\/{rel}","templated":true}]}}