{"id":38863,"date":"2024-03-22T14:56:21","date_gmt":"2024-03-22T17:56:21","guid":{"rendered":"http:\/\/jornaldeitaipava.com.br\/?p=38863"},"modified":"2024-03-22T14:56:23","modified_gmt":"2024-03-22T17:56:23","slug":"defesa-civil-recomendou-o-fechamento-do-comercio-no-centro-historico","status":"publish","type":"post","link":"https:\/\/jornaldeitaipava.com.br\/index.php\/2024\/03\/22\/defesa-civil-recomendou-o-fechamento-do-comercio-no-centro-historico\/","title":{"rendered":"Defesa Civil recomendou o fechamento do com\u00e9rcio no Centro Hist\u00f3rico"},"content":{"rendered":"\n<p class=\"has-text-align-center\">A previs\u00e3o \u00e9 de pancadas de chuva de intensidade moderada a muito forte para as pr\u00f3ximas horas com possibilidade de ocorr\u00eancia de rajadas de ventos e descargas atmosf\u00e9ricas<\/p>\n\n\n\n<p>Chove forte neste momento no Centro da cidade e arredores. A Defesa Civil \u00e0s 14h25 desta sexta-feira (22\/03), informou que atingiu os protocolos de risco de deslizamento e fez o acionamento do segundo toque do sistema de sirenes no primeiro distrito nas localidades de S\u00e3o Sebasti\u00e3o, Vila Felipe, Dr. Thouzet, Independ\u00eancia e 24 de Maio.<br>Tamb\u00e9m foi recomendado pelo \u00f3rg\u00e3o o fechamento do com\u00e9rcio do Centro Hist\u00f3rico devido \u00e0 inunda\u00e7\u00e3o ao longo da Rua do Imperador.<br>A empresa A Cidade Real interrompeu a opera\u00e7\u00e3o total da frota de \u00f4nibus devido \u00e0 inunda\u00e7\u00e3o em diversas regi\u00f5es de atendimento, como Centro, Bingen e Mosela.<br>A Defesa Civil orienta a mobiliza\u00e7\u00e3o da popula\u00e7\u00e3o da \u00e1rea de risco para os pontos de apoio, que encontram-se abertos preventivamente desde a noite da \u00faltima quinta-feira (21) para receber a popula\u00e7\u00e3o. A Secretaria pede que a popula\u00e7\u00e3o fique atenta \u00e0s pr\u00f3ximas atualiza\u00e7\u00f5es.<br>Cadastre o seu CEP atrav\u00e9s do envio de mensagem de texto para o n\u00famero 40199 para receber os alertas e acompanhe o portal da Prefeitura de Petr\u00f3polis.<\/p>\n","protected":false},"excerpt":{"rendered":"<p>A previs\u00e3o \u00e9 de pancadas de chuva de intensidade moderada a muito forte para as<\/p>\n","protected":false},"author":1,"featured_media":38864,"comment_status":"closed","ping_status":"open","sticky":false,"template":"","format":"standard","meta":{"spay_email":"","footnotes":"","jetpack_publicize_message":""},"categories":[24],"tags":[],"jetpack_featured_media_url":"https:\/\/i2.wp.com\/jornaldeitaipava.com.br\/wp-content\/uploads\/2024\/03\/432763286_754797696744221_7852737885893166407_n.jpg?fit=1600%2C900&ssl=1","jetpack_publicize_connections":[],"jetpack_sharing_enabled":true,"jetpack_likes_enabled":true,"jetpack-related-posts":[],"_links":{"self":[{"href":"https:\/\/jornaldeitaipava.com.br\/index.php\/wp-json\/wp\/v2\/posts\/38863"}],"collection":[{"href":"https:\/\/jornaldeitaipava.com.br\/index.php\/wp-json\/wp\/v2\/posts"}],"about":[{"href":"https:\/\/jornaldeitaipava.com.br\/index.php\/wp-json\/wp\/v2\/types\/post"}],"author":[{"embeddable":true,"href":"https:\/\/jornaldeitaipava.com.br\/index.php\/wp-json\/wp\/v2\/users\/1"}],"replies":[{"embeddable":true,"href":"https:\/\/jornaldeitaipava.com.br\/index.php\/wp-json\/wp\/v2\/comments?post=38863"}],"version-history":[{"count":1,"href":"https:\/\/jornaldeitaipava.com.br\/index.php\/wp-json\/wp\/v2\/posts\/38863\/revisions"}],"predecessor-version":[{"id":38865,"href":"https:\/\/jornaldeitaipava.com.br\/index.php\/wp-json\/wp\/v2\/posts\/38863\/revisions\/38865"}],"wp:featuredmedia":[{"embeddable":true,"href":"https:\/\/jornaldeitaipava.com.br\/index.php\/wp-json\/wp\/v2\/media\/38864"}],"wp:attachment":[{"href":"https:\/\/jornaldeitaipava.com.br\/index.php\/wp-json\/wp\/v2\/media?parent=38863"}],"wp:term":[{"taxonomy":"category","embeddable":true,"href":"https:\/\/jornaldeitaipava.com.br\/index.php\/wp-json\/wp\/v2\/categories?post=38863"},{"taxonomy":"post_tag","embeddable":true,"href":"https:\/\/jornaldeitaipava.com.br\/index.php\/wp-json\/wp\/v2\/tags?post=38863"}],"curies":[{"name":"wp","href":"https:\/\/api.w.org\/{rel}","templated":true}]}}