{"id":38868,"date":"2024-03-23T10:35:05","date_gmt":"2024-03-23T13:35:05","guid":{"rendered":"http:\/\/jornaldeitaipava.com.br\/?p=38868"},"modified":"2024-03-23T10:35:07","modified_gmt":"2024-03-23T13:35:07","slug":"chuva-deixou-tres-mortes-e-dois-desaparecidos-ate-o-momento-prefeitura-decreta-situacao-de-emergencia","status":"publish","type":"post","link":"https:\/\/jornaldeitaipava.com.br\/index.php\/2024\/03\/23\/chuva-deixou-tres-mortes-e-dois-desaparecidos-ate-o-momento-prefeitura-decreta-situacao-de-emergencia\/","title":{"rendered":"Chuva deixou tr\u00eas mortes e dois desaparecidos at\u00e9 o momento. Prefeitura decreta Situa\u00e7\u00e3o de Emerg\u00eancia"},"content":{"rendered":"\n<p>A Defesa Civil do munic\u00edpio contabilizou 196 registros de ocorr\u00eancias, sendo 113 deslizamentos, por conta da chuva que come\u00e7ou na \u00faltima quinta-feira (21\/03) at\u00e9 \u00e0s 07h50 deste s\u00e1bado (23\/03). O 15\u00ba Grupamento do Corpo de Bombeiros (GBM) registrou 04 v\u00edtimas resgatadas com vida, 03 \u00f3bitos e segue em busca de 02 v\u00edtimas no desabamento de uma resid\u00eancia no bairro Independ\u00eancia.<br>A Defesa Civil informa que todos os pontos de apoio do munic\u00edpio localizados nos primeiro, segundo e terceiro distritos encontram-se abertos desde a noite da \u00faltima quinta-feira (21\/03) para receber a popula\u00e7\u00e3o que reside em \u00e1rea de risco ou que se sinta insegura em sua resid\u00eancia. Os demais pontos de apoio, localizados nos quarto e quinto distritos, permanecem em sobreaviso desde a noite da \u00faltima sexta-feira (22\/03), em fun\u00e7\u00e3o dos baixos acumulados pluviom\u00e9tricos registrados nas regi\u00f5es.<br>No Independ\u00eancia, militares do Corpo de Bombeiros fizeram um resgate de uma crian\u00e7a, na manh\u00e3 deste s\u00e1bado (23). A menina estava sob os escombros da resid\u00eancia que desabou .<\/p>\n\n\n\n<h2 class=\"wp-block-heading\">Situa\u00e7\u00e3o de Emerg\u00eancia decretado<\/h2>\n\n\n\n<p>Por conta dos altos acumulados de chuvas nas \u00faltimas 24 horas, o prefeito Rubens Bomtempo decretou situa\u00e7\u00e3o de emerg\u00eancia em Petr\u00f3polis.<\/p>\n\n\n\n<p><strong>Os motivos do decreto:<\/strong><\/p>\n\n\n\n<ul>\n<li>Os altos acumulados de chuva nas \u00faltimas 24 horas (em algumas localidades, quase 270 mm)<\/li>\n\n\n\n<li>A previs\u00e3o de persist\u00eancia das chuvas nas pr\u00f3ximas 24 horas<\/li>\n\n\n\n<li>O alto n\u00famero de ocorr\u00eancias registradas pela Defesa Civil nas \u00faltimas 24 horas (mais de 150)<\/li>\n\n\n\n<li>Os 3 \u00f3bitos confirmados pelo Corpo de Bombeiros<\/li>\n\n\n\n<li>A recomenda\u00e7\u00e3o do Centro Integrado de Comando e Controle<\/li>\n<\/ul>\n\n\n\n<p>O prefeito anunciou o decreto na noite (22h45) desta sexta-feira (22), ao lado do secret\u00e1rio de Defesa Civil, Rafael Sim\u00e3o.<br>&#8220;Um dia de muito chuva. E um dia muito triste tamb\u00e9m, porque perdemos tr\u00eas vidas. Quero registrar aqui a minha solidariedade aos familiares dessas pessoas. Tenho um profundo respeito pela dor delas. E dizer tamb\u00e9m que vamos seguir trabalhando duro para que a cidade passe por esse momento dif\u00edcil da melhor maneira poss\u00edvel&#8221;, disse o prefeito Rubens Bomtempo.<\/p>\n\n\n\n<p><strong>Recomenda\u00e7\u00e3o do Centro Integrado de Comando e Controle<br><\/strong>O decreto foi uma recomendac\u00e3o do Centro Integrado de Comando e Controle &#8211; grupo que re\u00fane institui\u00e7\u00f5es e \u00f3rg\u00e3os envolvidos no preparo e na resposta \u00e0s chuvas em Petr\u00f3polis (\u00f3rg\u00e3os da Prefeitura, Corpo de Bombeiros, Ex\u00e9rcito, Pol\u00edcia Militar e concession\u00e1rias Enel e \u00c1guas do Imperador).<br>Instalado pelo prefeito Rubens Bomtempo na quarta-feira (20), o Centro Integrado de Comando e Controle est\u00e1 funcionando no pr\u00e9dio principal da Prefeitura (na Avenida Koeler), com representantes das institui\u00e7\u00f5es e \u00f3rg\u00e3os participantes.<\/p>\n","protected":false},"excerpt":{"rendered":"<p>A Defesa Civil do munic\u00edpio contabilizou 196 registros de ocorr\u00eancias, sendo 113 deslizamentos, por conta<\/p>\n","protected":false},"author":1,"featured_media":38869,"comment_status":"closed","ping_status":"open","sticky":false,"template":"","format":"standard","meta":{"spay_email":"","footnotes":"","jetpack_publicize_message":""},"categories":[24],"tags":[],"jetpack_featured_media_url":"https:\/\/i1.wp.com\/jornaldeitaipava.com.br\/wp-content\/uploads\/2024\/03\/desaba.png?fit=397%2C206&ssl=1","jetpack_publicize_connections":[],"jetpack_sharing_enabled":true,"jetpack_likes_enabled":true,"jetpack-related-posts":[],"_links":{"self":[{"href":"https:\/\/jornaldeitaipava.com.br\/index.php\/wp-json\/wp\/v2\/posts\/38868"}],"collection":[{"href":"https:\/\/jornaldeitaipava.com.br\/index.php\/wp-json\/wp\/v2\/posts"}],"about":[{"href":"https:\/\/jornaldeitaipava.com.br\/index.php\/wp-json\/wp\/v2\/types\/post"}],"author":[{"embeddable":true,"href":"https:\/\/jornaldeitaipava.com.br\/index.php\/wp-json\/wp\/v2\/users\/1"}],"replies":[{"embeddable":true,"href":"https:\/\/jornaldeitaipava.com.br\/index.php\/wp-json\/wp\/v2\/comments?post=38868"}],"version-history":[{"count":1,"href":"https:\/\/jornaldeitaipava.com.br\/index.php\/wp-json\/wp\/v2\/posts\/38868\/revisions"}],"predecessor-version":[{"id":38870,"href":"https:\/\/jornaldeitaipava.com.br\/index.php\/wp-json\/wp\/v2\/posts\/38868\/revisions\/38870"}],"wp:featuredmedia":[{"embeddable":true,"href":"https:\/\/jornaldeitaipava.com.br\/index.php\/wp-json\/wp\/v2\/media\/38869"}],"wp:attachment":[{"href":"https:\/\/jornaldeitaipava.com.br\/index.php\/wp-json\/wp\/v2\/media?parent=38868"}],"wp:term":[{"taxonomy":"category","embeddable":true,"href":"https:\/\/jornaldeitaipava.com.br\/index.php\/wp-json\/wp\/v2\/categories?post=38868"},{"taxonomy":"post_tag","embeddable":true,"href":"https:\/\/jornaldeitaipava.com.br\/index.php\/wp-json\/wp\/v2\/tags?post=38868"}],"curies":[{"name":"wp","href":"https:\/\/api.w.org\/{rel}","templated":true}]}}