{"id":38871,"date":"2024-03-23T10:37:07","date_gmt":"2024-03-23T13:37:07","guid":{"rendered":"http:\/\/jornaldeitaipava.com.br\/?p=38871"},"modified":"2024-03-23T10:37:08","modified_gmt":"2024-03-23T13:37:08","slug":"saiba-quais-linhas-de-onibus-estao-com-a-operacao-impactada-em-petropolis","status":"publish","type":"post","link":"https:\/\/jornaldeitaipava.com.br\/index.php\/2024\/03\/23\/saiba-quais-linhas-de-onibus-estao-com-a-operacao-impactada-em-petropolis\/","title":{"rendered":"SAIBA QUAIS LINHAS DE \u00d4NIBUS EST\u00c3O COM A OPERA\u00c7\u00c3O IMPACTADA EM PETR\u00d3POLIS"},"content":{"rendered":"\n<p>A forte chuva que atinge o munic\u00edpio de Petr\u00f3polis est\u00e1 resultando em diversas obstru\u00e7\u00f5es vi\u00e1rias, dificultando e at\u00e9 impedindo a opera\u00e7\u00e3o do transporte p\u00fablico. At\u00e9 o momento, 32 linhas seguem impactadas. Para saber informa\u00e7\u00f5es em tempo real sobre a opera\u00e7\u00e3o dos \u00f4nibus, acesse o Instagram atrav\u00e9s do @setranspetro.<br>A Cidade Real est\u00e1 com a opera\u00e7\u00e3o impactada em nove linhas de \u00f4nibus. Devido \u00e0 queda de \u00e1rvore na Rua Bingen, pr\u00f3ximo ao Col\u00e9gio Cardoso Fontes, sentido bairro, as linhas 100 \u2013 Rodovi\u00e1ria Bingen, 104 \u2013 Vila Militar, 107 \u2013 Manoel Torres, 108 \u2013 Bairro Castrioto e 110 \u2013 Duarte da Silveira est\u00e3o seguindo trajeto pelo Quarteir\u00e3o Ingelhein. A queda de \u00e1rvore no acesso ao 32\u00ba Batalh\u00e3o est\u00e1 fazendo com que a linha 104 \u2013 Vila Militar fa\u00e7a ponto final na entrada da Rua It\u00e1lia. A linha 112 \u2013 Waldermar Ferreira da Silva est\u00e1 parando no antigo ponto final, devido \u00e0 queda de barreira pr\u00f3ximo ao atual ponto final da regi\u00e3o.<br>Ainda pela Cidade Real, a 122 \u2013 Fazenda Inglesa est\u00e1 operando sentido bairro pelo Braz\u00e3o, enquanto sentido Centro o retorno acontece pelo Duarte da Silveira, em raz\u00e3o da queda de \u00e1rvore e barreira, na comunidade Alto da Derrubada. O coletivo n\u00e3o est\u00e1 seguindo ao ponto final, tamb\u00e9m em raz\u00e3o da queda de barreira pr\u00f3ximo \u00e0 Igreja de Nossa Senhora Aparecida. O \u00f4nibus segue realizando manobra em frente ao bar, pr\u00f3ximo \u00e0 sa\u00edda para a BR-040, sentido Rio de Janeiro. J\u00e1 a linha 140 \u2013 Vit\u00f3ria\/Jo\u00e3o Xavier n\u00e3o est\u00e1 operando at\u00e9 o ponto final do Vit\u00f3ria, em raz\u00e3o do alagamento na Rua Dr. Arthur Dias da Cruz.<br>A Cidade das Hort\u00eansias est\u00e1 com impactos na opera\u00e7\u00e3o de tr\u00eas linhas. A 311 \u2013 Pedro Nava est\u00e1 com o atendimento interrompido, em raz\u00e3o da queda de uma \u00e1rvore na entrada do bairro. A 506 \u2013 Vicenzo Rivetti est\u00e1 operando somente at\u00e9 a Alfa Laval, em raz\u00e3o de deslizamento. Tamb\u00e9m por motivo de queda de barreira, a 519 \u2013 Vale do Carangola est\u00e1 com opera\u00e7\u00e3o via Canavial, trafegando somente at\u00e9 a localidade popularmente conhecida como \u201cPredinhos\u201d.<br>A Turp Transporte apresenta interrup\u00e7\u00f5es em tr\u00eas linhas de \u00f4nibus. A linha 603 \u2013 \u00c1guas Lindas n\u00e3o est\u00e1 operando na Rua Promenade, desde \u00e0s 7h, por conta da queda de \u00e1rvore. O mesmo acontece com a linha 609 \u2013 Castelo S\u00e3o Manoel, que n\u00e3o est\u00e1 atendendo a Rua 12, ap\u00f3s uma \u00e1rvore obstruir a pista. J\u00e1 a linha 615 \u2013 Carangola n\u00e3o est\u00e1 circulando na Rua Vicenzo Rivetti, passando pelo Canavial, por motivo de barreira na pista.<br>A Petro Ita est\u00e1 com interfer\u00eancias na opera\u00e7\u00e3o de 16 linhas de \u00f4nibus. Por motivo de deslizamento de terra, as linhas 408, 411 e 447 \u2013 Vital Brasil est\u00e3o com fazendo ponto final na entrada da Rua Cust\u00f3dio Ferreira. J\u00e1 as linhas 401 e 436 \u2013 Independ\u00eancia est\u00e3o manobrando na Germasil. A 435 \u2013 Cacilda Becker e 436 \u2013 Independ\u00eancia est\u00e3o parando no Bar da Vanir. A 428 \u2013 Esp\u00edrito Santo opera somente at\u00e9 a Vila S\u00e3o Joaquim. As linhas 406 e 439 \u2013 Thouzet est\u00e3o parando na Rua Dr. Thouzet.<br>Ainda por motivo de barreira, a linha 209 \u2013 Valpara\u00edso est\u00e1 manobrando na localidade popularmente conhecida como \u201cChapa Quatro\u201d. A 462 \u2013 Alto Pedro Ivo opera somente at\u00e9 a entrada do bairro. A 402 \u2013 Taquara est\u00e1 com o atendimento interrompido, ap\u00f3s ficar retido no bairro. J\u00e1, devido \u00e0 fia\u00e7\u00e3o arriada, a linha 429 \u2013 Lagoinha n\u00e3o est\u00e1 acessando a Ch\u00e1cara, enquanto as linhas 452 e 457 \u2013 Sargento Boening est\u00e3o parando na Estrada do Para\u00edso, mesmo ponto da linha 419.<br>A Cascatinha est\u00e1 com impacto na linha 517 \u2013 Comunidade do Ventura, que est\u00e1 operando nos dois sentidos passando pelo Caminho do Fragoso, ap\u00f3s a queda de barreira na Ladeira do Ventura.<\/p>\n","protected":false},"excerpt":{"rendered":"<p>A forte chuva que atinge o munic\u00edpio de Petr\u00f3polis est\u00e1 resultando em diversas obstru\u00e7\u00f5es vi\u00e1rias,<\/p>\n","protected":false},"author":1,"featured_media":26005,"comment_status":"closed","ping_status":"open","sticky":false,"template":"","format":"standard","meta":{"spay_email":"","footnotes":"","jetpack_publicize_message":""},"categories":[24],"tags":[],"jetpack_featured_media_url":"https:\/\/i2.wp.com\/jornaldeitaipava.com.br\/wp-content\/uploads\/2022\/03\/ONIBUS-3.jpg?fit=1080%2C607&ssl=1","jetpack_publicize_connections":[],"jetpack_sharing_enabled":true,"jetpack_likes_enabled":true,"jetpack-related-posts":[],"_links":{"self":[{"href":"https:\/\/jornaldeitaipava.com.br\/index.php\/wp-json\/wp\/v2\/posts\/38871"}],"collection":[{"href":"https:\/\/jornaldeitaipava.com.br\/index.php\/wp-json\/wp\/v2\/posts"}],"about":[{"href":"https:\/\/jornaldeitaipava.com.br\/index.php\/wp-json\/wp\/v2\/types\/post"}],"author":[{"embeddable":true,"href":"https:\/\/jornaldeitaipava.com.br\/index.php\/wp-json\/wp\/v2\/users\/1"}],"replies":[{"embeddable":true,"href":"https:\/\/jornaldeitaipava.com.br\/index.php\/wp-json\/wp\/v2\/comments?post=38871"}],"version-history":[{"count":1,"href":"https:\/\/jornaldeitaipava.com.br\/index.php\/wp-json\/wp\/v2\/posts\/38871\/revisions"}],"predecessor-version":[{"id":38872,"href":"https:\/\/jornaldeitaipava.com.br\/index.php\/wp-json\/wp\/v2\/posts\/38871\/revisions\/38872"}],"wp:featuredmedia":[{"embeddable":true,"href":"https:\/\/jornaldeitaipava.com.br\/index.php\/wp-json\/wp\/v2\/media\/26005"}],"wp:attachment":[{"href":"https:\/\/jornaldeitaipava.com.br\/index.php\/wp-json\/wp\/v2\/media?parent=38871"}],"wp:term":[{"taxonomy":"category","embeddable":true,"href":"https:\/\/jornaldeitaipava.com.br\/index.php\/wp-json\/wp\/v2\/categories?post=38871"},{"taxonomy":"post_tag","embeddable":true,"href":"https:\/\/jornaldeitaipava.com.br\/index.php\/wp-json\/wp\/v2\/tags?post=38871"}],"curies":[{"name":"wp","href":"https:\/\/api.w.org\/{rel}","templated":true}]}}