{"id":38891,"date":"2024-03-25T09:35:18","date_gmt":"2024-03-25T12:35:18","guid":{"rendered":"http:\/\/jornaldeitaipava.com.br\/?p=38891"},"modified":"2024-03-25T09:35:22","modified_gmt":"2024-03-25T12:35:22","slug":"prefeitura-instala-espaco-seguro-e-amigavel-para-criancas-vitimas-das-chuvas","status":"publish","type":"post","link":"https:\/\/jornaldeitaipava.com.br\/index.php\/2024\/03\/25\/prefeitura-instala-espaco-seguro-e-amigavel-para-criancas-vitimas-das-chuvas\/","title":{"rendered":"Prefeitura instala Espa\u00e7o Seguro e Amig\u00e1vel para crian\u00e7as v\u00edtimas das chuvas"},"content":{"rendered":"\n<p>Espa\u00e7o foi criado na Escola Municipal Jandira Bordignon para as v\u00edtimas do Independ\u00eancia<br>A Escola Municipal Jandira Bordignon, no Quitandinha, recebeu o projeto Espa\u00e7o Seguro e Amig\u00e1vel para atendimento \u00e0s crian\u00e7as e adolescentes que est\u00e3o no ponto de apoio no Alto Independ\u00eancia. No local eles tiveram atividades de recrea\u00e7\u00e3o, conta\u00e7\u00e3o de hist\u00f3rias e esportivas.<br>\u201cEsses espa\u00e7os s\u00e3o importantes para que as crian\u00e7as saiam do ambiente do ponto de apoio e tenham atividades culturais e esportivas, em um outro espa\u00e7o, em um ambiente escolar\u201d, disse o prefeito Rubens Bomtempo, que na manh\u00e3 deste domingo (24), visitou o Espa\u00e7o Seguro e Amig\u00e1vel montado na Escola Municipal Jandira Bordignon.<br>Cerca de 50 crian\u00e7as e adolescentes participaram das atividades neste segundo dia do Espa\u00e7o Seguro e Amig\u00e1vel. \u201cFazemos o transporte das crian\u00e7as do ponto de apoio at\u00e9 o espa\u00e7o onde acontece o projeto. Al\u00e9m das atividades, elas tamb\u00e9m recebem alimenta\u00e7\u00e3o. Neste primeiro momento, o projeto acontece para as crian\u00e7as do Independ\u00eancia, mas podemos estender para outros pontos de apoio, caso seja necess\u00e1rio\u201d, disse a secret\u00e1ria de Educa\u00e7\u00e3o, Adriana de Paula.<br>O projeto Espa\u00e7o Seguro e Amig\u00e1vel foi criado em 2022 pela Prefeitura para atendimento \u00e0s crian\u00e7as e adolescentes v\u00edtimas das chuvas. A iniciativa foi aprovada pelo Minist\u00e9rio P\u00fablico e tamb\u00e9m apresentada para o Unicef.<\/p>\n","protected":false},"excerpt":{"rendered":"<p>Espa\u00e7o foi criado na Escola Municipal Jandira Bordignon para as v\u00edtimas do Independ\u00eanciaA Escola Municipal<\/p>\n","protected":false},"author":1,"featured_media":38892,"comment_status":"closed","ping_status":"open","sticky":false,"template":"","format":"standard","meta":{"spay_email":"","footnotes":"","jetpack_publicize_message":""},"categories":[2],"tags":[],"jetpack_featured_media_url":"https:\/\/i1.wp.com\/jornaldeitaipava.com.br\/wp-content\/uploads\/2024\/03\/WhatsApp-Image-2024-03-24-at-16.09.56.jpeg?fit=513%2C447&ssl=1","jetpack_publicize_connections":[],"jetpack_sharing_enabled":true,"jetpack_likes_enabled":true,"jetpack-related-posts":[],"_links":{"self":[{"href":"https:\/\/jornaldeitaipava.com.br\/index.php\/wp-json\/wp\/v2\/posts\/38891"}],"collection":[{"href":"https:\/\/jornaldeitaipava.com.br\/index.php\/wp-json\/wp\/v2\/posts"}],"about":[{"href":"https:\/\/jornaldeitaipava.com.br\/index.php\/wp-json\/wp\/v2\/types\/post"}],"author":[{"embeddable":true,"href":"https:\/\/jornaldeitaipava.com.br\/index.php\/wp-json\/wp\/v2\/users\/1"}],"replies":[{"embeddable":true,"href":"https:\/\/jornaldeitaipava.com.br\/index.php\/wp-json\/wp\/v2\/comments?post=38891"}],"version-history":[{"count":1,"href":"https:\/\/jornaldeitaipava.com.br\/index.php\/wp-json\/wp\/v2\/posts\/38891\/revisions"}],"predecessor-version":[{"id":38893,"href":"https:\/\/jornaldeitaipava.com.br\/index.php\/wp-json\/wp\/v2\/posts\/38891\/revisions\/38893"}],"wp:featuredmedia":[{"embeddable":true,"href":"https:\/\/jornaldeitaipava.com.br\/index.php\/wp-json\/wp\/v2\/media\/38892"}],"wp:attachment":[{"href":"https:\/\/jornaldeitaipava.com.br\/index.php\/wp-json\/wp\/v2\/media?parent=38891"}],"wp:term":[{"taxonomy":"category","embeddable":true,"href":"https:\/\/jornaldeitaipava.com.br\/index.php\/wp-json\/wp\/v2\/categories?post=38891"},{"taxonomy":"post_tag","embeddable":true,"href":"https:\/\/jornaldeitaipava.com.br\/index.php\/wp-json\/wp\/v2\/tags?post=38891"}],"curies":[{"name":"wp","href":"https:\/\/api.w.org\/{rel}","templated":true}]}}