{"id":38894,"date":"2024-03-25T09:37:43","date_gmt":"2024-03-25T12:37:43","guid":{"rendered":"http:\/\/jornaldeitaipava.com.br\/?p=38894"},"modified":"2024-03-25T09:37:47","modified_gmt":"2024-03-25T12:37:47","slug":"cozinha-solidaria-leva-refeicoes-as-vitimas-das-chuvas-em-petropolis","status":"publish","type":"post","link":"https:\/\/jornaldeitaipava.com.br\/index.php\/2024\/03\/25\/cozinha-solidaria-leva-refeicoes-as-vitimas-das-chuvas-em-petropolis\/","title":{"rendered":"COZINHA SOLID\u00c1RIA LEVA REFEI\u00c7\u00d5ES \u00c0S V\u00cdTIMAS DAS CHUVAS EM PETR\u00d3POLIS"},"content":{"rendered":"\n<p>Uma cozinha solid\u00e1ria para atender as v\u00edtimas direitas e indiretas das chuvas em Petr\u00f3polis. A iniciativa volunt\u00e1ria foi montada no Bairro Esperan\u00e7a, em uma parceria entre Movimento dos Trabalhadores Sem-Teto (MTST), o Mandato Popular do Deputado Estadual Yuri Moura e o Centro Esp\u00edrita Sul e Luz.<br>Enquanto a cidade se recupera dos danos causados e segue em est\u00e1gio de crise, a parceria busca atender fam\u00edlias que n\u00e3o est\u00e3o no risco, ou nos pontos de apoio, mas foram impactadas indiretamente pela trag\u00e9dia, a parceria foi estabelecida entre as Cozinhas Solid\u00e1rias do MST e as Cozinhas Populares, projeto articulado pelo Deputado Estadual Yuri, autor de lei j\u00e1 aprovada na Assembleia Legislativa do Rio de Janeiro (Alerj) que prev\u00ea a cria\u00e7\u00e3o de cozinhas comunit\u00e1rias para a\u00e7\u00f5es de seguran\u00e7a alimentar e nutricional no Estado do Rio, inclusive utilizando as cozinhas escolares no tempo ocioso.<br>A a\u00e7\u00e3o acontece ao longo deste domingo e est\u00e1 oferecendo refei\u00e7\u00f5es em v\u00e1rios pontos da cidade, alcan\u00e7ando pessoas em situa\u00e7\u00e3o de vulnerabilidade que estejam em casas de amigos, familiares ou em qualquer lugar onde a necessidade se fa\u00e7a presente. As refei\u00e7\u00f5es est\u00e3o sendo preparadas no Centro Esp\u00edrita Sul e Luz, coordenado pelo Pai Fernando e Pai Breno e com a doa\u00e7\u00e3o de alimentos do Centro Casa do Rei, coordenado pelo Pai Jonas.<br>Para Yuri, as iniciativas de cozinhas solid\u00e1rias, populares e comunit\u00e1rias contribuem como pol\u00edticas p\u00fablicas de seguran\u00e7a alimentar e nutricional, e ganham ainda mais import\u00e2ncia em momentos como esse: \u201cDesde o in\u00edcio eu e minha equipe estamos visitando os pontos de apoio na cidade e fiscalizando e colaborando com as a\u00e7\u00f5es dos \u00f3rg\u00e3os respons\u00e1veis nos bairros e com as fam\u00edlias atingidas em Petr\u00f3polis. Al\u00e9m disso, criamos uma rede de solidariedade por doa\u00e7\u00f5es e pelo acolhimento de fam\u00edlias que ainda est\u00e3o em vulnerabilidade. Toda a\u00e7\u00e3o volunt\u00e1ria e organizada \u00e9 bem-vinda, tem muita gente em casa de parentes, amigos, que est\u00e3o precisando de um suporte e mesmo nos pontos de apoio ainda existem demandas\u201d, disse.<br>Nas redes sociais o MTST publicou registros da a\u00e7\u00e3o e refor\u00e7ou a import\u00e2ncia de a\u00e7\u00f5es solid\u00e1rias durante a calamidade: \u201cA Cozinha Solid\u00e1ria est\u00e1 em Petr\u00f3polis junto ao deputado Yuri para dar suporte para essa popula\u00e7\u00e3o atingida pelo descaso do Poder P\u00fablico. \u00c9 preciso que nos planos de conting\u00eancias contenham a\u00e7\u00f5es efetivas visando a seguran\u00e7a alimentar! Estamos aqui, mais uma vez, fazendo o que o poder p\u00fablico n\u00e3o faz!\u201d.<br>O projeto das \u201cCozinhas Comunit\u00e1rias\u201d, de autoria de Yuri, foi aprovado na Alerj mas vetado pelo Governo do Estado. Ele agora volta para a casa legislativa, para nova aprecia\u00e7\u00e3o e pode permitir o uso das cozinhas de escolas estaduais, em tempo ocioso, para feitura de refei\u00e7\u00f5es. J\u00e1 o Programa que prev\u00ea as \u201cCozinhas Solid\u00e1rias\u201d foi homologado pelo Governo Federal no in\u00edcio do m\u00eas e comp\u00f5e um conjunto de medidas para tirar o pa\u00eds do mapa da fome.<br>\u201cA aprova\u00e7\u00e3o do meu projeto de lei na Alerj trouxe grande apoio da imprensa, tamb\u00e9m nas redes sociais e pode possibilitar um novo ambiente junto \u00e0 sociedade civil na consolida\u00e7\u00e3o de cozinhas comunit\u00e1rias e populares, sob a luz do Programa de Aquisi\u00e7\u00e3o de Alimentos (PAA) e do Programa Cozinha Solid\u00e1ria garantidos em Lei Federal e no Or\u00e7amento Geral da Uni\u00e3o. A promo\u00e7\u00e3o, a partir das experi\u00eancias de Petr\u00f3polis, pode e dever\u00e1 fortalecer uma pol\u00edtica p\u00fablica local que garanta o direito de comer e comer de forma saud\u00e1vel\u201d, conclui Yuri<br>O parlamentar tem mantido seus canais de comunica\u00e7\u00e3o abertos, oferecendo um espa\u00e7o para d\u00favidas, den\u00fancias e demandas da comunidade atrav\u00e9s do WhatsApp (21) 99355-7238.<\/p>\n\n\n\n<p>SERVI\u00c7O<br>Alerj &#8211; Assembleia Legislativa do Estado do Rio de Janeiro<br>Edif\u00edcio L\u00facio Costa<br>Rua da Ajuda, 05 \u2013 5\u00ba andar \u2013 Gabinete 503<br>Centro, Rio de Janeiro \u2013 RJ<\/p>\n","protected":false},"excerpt":{"rendered":"<p>Uma cozinha solid\u00e1ria para atender as v\u00edtimas direitas e indiretas das chuvas em Petr\u00f3polis. A<\/p>\n","protected":false},"author":1,"featured_media":38895,"comment_status":"closed","ping_status":"open","sticky":false,"template":"","format":"standard","meta":{"spay_email":"","footnotes":"","jetpack_publicize_message":""},"categories":[2],"tags":[],"jetpack_featured_media_url":"https:\/\/i2.wp.com\/jornaldeitaipava.com.br\/wp-content\/uploads\/2024\/03\/WhatsApp-Image-2024-03-24-at-17.38.37.jpeg?fit=1600%2C1200&ssl=1","jetpack_publicize_connections":[],"jetpack_sharing_enabled":true,"jetpack_likes_enabled":true,"jetpack-related-posts":[],"_links":{"self":[{"href":"https:\/\/jornaldeitaipava.com.br\/index.php\/wp-json\/wp\/v2\/posts\/38894"}],"collection":[{"href":"https:\/\/jornaldeitaipava.com.br\/index.php\/wp-json\/wp\/v2\/posts"}],"about":[{"href":"https:\/\/jornaldeitaipava.com.br\/index.php\/wp-json\/wp\/v2\/types\/post"}],"author":[{"embeddable":true,"href":"https:\/\/jornaldeitaipava.com.br\/index.php\/wp-json\/wp\/v2\/users\/1"}],"replies":[{"embeddable":true,"href":"https:\/\/jornaldeitaipava.com.br\/index.php\/wp-json\/wp\/v2\/comments?post=38894"}],"version-history":[{"count":1,"href":"https:\/\/jornaldeitaipava.com.br\/index.php\/wp-json\/wp\/v2\/posts\/38894\/revisions"}],"predecessor-version":[{"id":38896,"href":"https:\/\/jornaldeitaipava.com.br\/index.php\/wp-json\/wp\/v2\/posts\/38894\/revisions\/38896"}],"wp:featuredmedia":[{"embeddable":true,"href":"https:\/\/jornaldeitaipava.com.br\/index.php\/wp-json\/wp\/v2\/media\/38895"}],"wp:attachment":[{"href":"https:\/\/jornaldeitaipava.com.br\/index.php\/wp-json\/wp\/v2\/media?parent=38894"}],"wp:term":[{"taxonomy":"category","embeddable":true,"href":"https:\/\/jornaldeitaipava.com.br\/index.php\/wp-json\/wp\/v2\/categories?post=38894"},{"taxonomy":"post_tag","embeddable":true,"href":"https:\/\/jornaldeitaipava.com.br\/index.php\/wp-json\/wp\/v2\/tags?post=38894"}],"curies":[{"name":"wp","href":"https:\/\/api.w.org\/{rel}","templated":true}]}}