{"id":38897,"date":"2024-03-31T09:38:00","date_gmt":"2024-03-31T12:38:00","guid":{"rendered":"http:\/\/jornaldeitaipava.com.br\/?p=38897"},"modified":"2024-03-25T09:39:38","modified_gmt":"2024-03-25T12:39:38","slug":"coral-dos-anjos-faz-show-gratuito-no-dia-mundial-de-conscientizacao-sobre-o-autismo","status":"publish","type":"post","link":"https:\/\/jornaldeitaipava.com.br\/index.php\/2024\/03\/31\/coral-dos-anjos-faz-show-gratuito-no-dia-mundial-de-conscientizacao-sobre-o-autismo\/","title":{"rendered":"Coral dos Anjos faz show gratuito no Dia Mundial de Conscientiza\u00e7\u00e3o sobre o Autismo"},"content":{"rendered":"\n<p class=\"has-text-align-center\"><strong>Canto, sou eficiente, sou capaz, sou feliz e sou Coral dos Anjos!<\/strong><\/p>\n\n\n\n<p>Com orgulho, os integrantes do Coral dos Anjos exibem a nova estampa das camisas produzidas especialmente para a realiza\u00e7\u00e3o da apresenta\u00e7\u00e3o musical em comemora\u00e7\u00e3o ao Dia Mundial de Conscientiza\u00e7\u00e3o sobre o Autismo, dia 02 de abril, \u00e0s 10h, na Pra\u00e7a de Corr\u00eaas.<br>O show, aberto ao p\u00fablico, faz parte do projeto \u201cCoral dos Anjos pela Conscientiza\u00e7\u00e3o do Autismo\u201d, que foi contemplado no Edital de Chamada Emergencial de Apoio \u00e0 M\u00fasica (n\u00b0 06\/2023) realizado pelo Governo do Estado do Rio de Janeiro, por meio da Secretaria de Estado de Cultura e Economia Criativa &#8211; SECEC, com recursos do Governo Federal atrav\u00e9s da Lei Complementar n\u00ba 195\/2022 &#8211; Lei Paulo Gustavo.<br>O evento \u00e9 uma produ\u00e7\u00e3o da Bem Cultural e conta com os apoios da Associa\u00e7\u00e3o de Moradores e Amigos de Corr\u00eaas \u2013 AMAC, da Pousada da Alcoba\u00e7a, da nutricionista Renata Fialho, da Padaria e Restaurante MIGS e da cl\u00ednica infantil Criarte.<br>O Coral dos Anjos \u00e9 o \u00fanico coro da cidade de Petr\u00f3polis com 90% de PcDs. Com 11 anos de trajet\u00f3ria e idealizado pelo m\u00fasico regente Danilo Henriques, o coral conta ainda, al\u00e9m dos 17 coralistas, com as irm\u00e3s e professoras musicais Tainara Claudino e Dandara Claudino.<br>O Dia Mundial de Conscientiza\u00e7\u00e3o sobre o Autismo foi criado pela ONU em 2007. A data convida a sociedade a refletir sobre o tema, reconhecer limita\u00e7\u00f5es, diferen\u00e7as e o potencial \u00fanico de cada pessoa dentro do Espectro Autista.<br>Coral dos Anjos construindo pontes para a inclus\u00e3o, diminuindo o preconceito.<\/p>\n","protected":false},"excerpt":{"rendered":"<p>Canto, sou eficiente, sou capaz, sou feliz e sou Coral dos Anjos! Com orgulho, os<\/p>\n","protected":false},"author":1,"featured_media":38898,"comment_status":"closed","ping_status":"open","sticky":false,"template":"","format":"standard","meta":{"spay_email":"","footnotes":"","jetpack_publicize_message":""},"categories":[1],"tags":[],"jetpack_featured_media_url":"https:\/\/i1.wp.com\/jornaldeitaipava.com.br\/wp-content\/uploads\/2024\/03\/WhatsApp-Image-2024-03-25-at-09.03.28.jpeg?fit=1600%2C1066&ssl=1","jetpack_publicize_connections":[],"jetpack_sharing_enabled":true,"jetpack_likes_enabled":true,"jetpack-related-posts":[],"_links":{"self":[{"href":"https:\/\/jornaldeitaipava.com.br\/index.php\/wp-json\/wp\/v2\/posts\/38897"}],"collection":[{"href":"https:\/\/jornaldeitaipava.com.br\/index.php\/wp-json\/wp\/v2\/posts"}],"about":[{"href":"https:\/\/jornaldeitaipava.com.br\/index.php\/wp-json\/wp\/v2\/types\/post"}],"author":[{"embeddable":true,"href":"https:\/\/jornaldeitaipava.com.br\/index.php\/wp-json\/wp\/v2\/users\/1"}],"replies":[{"embeddable":true,"href":"https:\/\/jornaldeitaipava.com.br\/index.php\/wp-json\/wp\/v2\/comments?post=38897"}],"version-history":[{"count":1,"href":"https:\/\/jornaldeitaipava.com.br\/index.php\/wp-json\/wp\/v2\/posts\/38897\/revisions"}],"predecessor-version":[{"id":38899,"href":"https:\/\/jornaldeitaipava.com.br\/index.php\/wp-json\/wp\/v2\/posts\/38897\/revisions\/38899"}],"wp:featuredmedia":[{"embeddable":true,"href":"https:\/\/jornaldeitaipava.com.br\/index.php\/wp-json\/wp\/v2\/media\/38898"}],"wp:attachment":[{"href":"https:\/\/jornaldeitaipava.com.br\/index.php\/wp-json\/wp\/v2\/media?parent=38897"}],"wp:term":[{"taxonomy":"category","embeddable":true,"href":"https:\/\/jornaldeitaipava.com.br\/index.php\/wp-json\/wp\/v2\/categories?post=38897"},{"taxonomy":"post_tag","embeddable":true,"href":"https:\/\/jornaldeitaipava.com.br\/index.php\/wp-json\/wp\/v2\/tags?post=38897"}],"curies":[{"name":"wp","href":"https:\/\/api.w.org\/{rel}","templated":true}]}}