{"id":38900,"date":"2024-03-25T09:41:48","date_gmt":"2024-03-25T12:41:48","guid":{"rendered":"http:\/\/jornaldeitaipava.com.br\/?p=38900"},"modified":"2024-03-25T09:41:55","modified_gmt":"2024-03-25T12:41:55","slug":"petropolis-2030-faz-parceria-com-cddh-para-recolher-doacoes-aos-desabrigados-das-chuvas","status":"publish","type":"post","link":"https:\/\/jornaldeitaipava.com.br\/index.php\/2024\/03\/25\/petropolis-2030-faz-parceria-com-cddh-para-recolher-doacoes-aos-desabrigados-das-chuvas\/","title":{"rendered":"Petr\u00f3polis 2030 faz parceria com CDDH para recolher doa\u00e7\u00f5es aos desabrigados das chuvas"},"content":{"rendered":"\n<p>O movimento empresarial Petr\u00f3polis 2030 mobilizou as 27 entidades que s\u00e3o associadas para a\u00e7\u00e3o espec\u00edfica em prol dos desabrigados das chuvas, uma parceria com o Centro de Defesa dos Direitos Humanos (CDDH). As institui\u00e7\u00f5es est\u00e3o recolhendo por meios pr\u00f3prios materiais como itens de higiene pessoal, \u00e1gua, colchonetes e cobertores, artigos que ser\u00e3o entregues ao CDDH a quem caber\u00e1, pela expertise do \u00f3rg\u00e3o, a distribui\u00e7\u00e3o entre os necessitados desta ajuda emergencial. A meta \u00e9 fazer chegar aos pontos de apoio e tamb\u00e9m a fam\u00edlias que est\u00e3o alojadas em casas de parentes.<br>O CDDH fica na Rua Monsenhor Bacelar, 400, no Centro (subida do Rel\u00f3gio das Flores) e estar\u00e1 funcionando neste s\u00e1bado e domingo (23 e 24) ininterruptamente, 24 horas por dia. O Centro retorna a seu expediente normal na segunda (25), de 9h \u00e0s 18h. Este hor\u00e1rio \u00e9 praticado de segunda a sexta-feira.<br>Os itens necess\u00e1rios s\u00e3o de higiene pessoal, \u00e1gua, colchonetes e cobertores. As entidades n\u00e3o estar\u00e3o recolhendo neste momento nem artigos de alimenta\u00e7\u00e3o nem roupas. Num pr\u00f3ximo momento, avaliando-se um cen\u00e1rio atualizado, o movimento e as 26 entidades que o comp\u00f5em, junto com o CDDH, ir\u00e3o atualizar as necessidades e reajustar as metas.<br>As entidades que formam o movimento Petr\u00f3polis 2030 s\u00e3o as seguintes: C\u00e2mara de Dirigentes Lojistas de Petr\u00f3polis, Federa\u00e7\u00e3o das Ind\u00fastrias do Estado do Rio \u2013 Representa\u00e7\u00e3o Serrana, Sindicato do Com\u00e9rcio Varejista de Petr\u00f3polis, Associa\u00e7\u00e3o de Lojistas da Rua Teresa, Sindicato da Constru\u00e7\u00e3o Civil, Sindicato da Ind\u00fastria de Confec\u00e7\u00e3o, Parque Tecnol\u00f3gico da Regi\u00e3o Serrana &#8211; Serratec, Petr\u00f3polis Convention &amp; Visitors Bureau, Sindicato de Hot\u00e9is, Bares e Restaurantes, Associa\u00e7\u00e3o Brasileira da Ind\u00fastria de Hot\u00e9is no Estado do Rio, Associa\u00e7\u00e3o de Profissionais de Eventos de Petr\u00f3polis, Associa\u00e7\u00e3o de Microcervejarias de Petr\u00f3polis, Ag\u00eancia de Neg\u00f3cios de Petr\u00f3polis, Teres\u00f3polis e Nova Friburgo, Associa\u00e7\u00e3o Comercial e Empresarial de Petr\u00f3polis, Conselho Comunit\u00e1rio de Seguran\u00e7a, Comac, Conselho Regional de Engenheiros e Arquitetos, Associa\u00e7\u00e3o Fluminense de Preserva\u00e7\u00e3o Ferrovi\u00e1ria, Sindicato da Ind\u00fastria de Alimentos e Bebidas de Petr\u00f3polis, Sindicato da Ind\u00fastria da Panifica\u00e7\u00e3o e Confeitaria de Petr\u00f3polis, Associa\u00e7\u00e3o dos Profissionais da Contabilidade de Petr\u00f3polis, Associa\u00e7\u00e3o dos Guias de Petr\u00f3polis, Instituto Philippe Gu\u00e9don, Museu Imperial, NovAmosanta, Ordem dos Advogados do Brasil \u2013 subse\u00e7\u00e3o de Petr\u00f3polis e Sebrae-RJ.<\/p>\n","protected":false},"excerpt":{"rendered":"<p>O movimento empresarial Petr\u00f3polis 2030 mobilizou as 27 entidades que s\u00e3o associadas para a\u00e7\u00e3o espec\u00edfica<\/p>\n","protected":false},"author":1,"featured_media":32971,"comment_status":"closed","ping_status":"open","sticky":false,"template":"","format":"standard","meta":{"spay_email":"","footnotes":"","jetpack_publicize_message":""},"categories":[24],"tags":[],"jetpack_featured_media_url":"https:\/\/i0.wp.com\/jornaldeitaipava.com.br\/wp-content\/uploads\/2023\/01\/CDDH.png?fit=743%2C449&ssl=1","jetpack_publicize_connections":[],"jetpack_sharing_enabled":true,"jetpack_likes_enabled":true,"jetpack-related-posts":[],"_links":{"self":[{"href":"https:\/\/jornaldeitaipava.com.br\/index.php\/wp-json\/wp\/v2\/posts\/38900"}],"collection":[{"href":"https:\/\/jornaldeitaipava.com.br\/index.php\/wp-json\/wp\/v2\/posts"}],"about":[{"href":"https:\/\/jornaldeitaipava.com.br\/index.php\/wp-json\/wp\/v2\/types\/post"}],"author":[{"embeddable":true,"href":"https:\/\/jornaldeitaipava.com.br\/index.php\/wp-json\/wp\/v2\/users\/1"}],"replies":[{"embeddable":true,"href":"https:\/\/jornaldeitaipava.com.br\/index.php\/wp-json\/wp\/v2\/comments?post=38900"}],"version-history":[{"count":1,"href":"https:\/\/jornaldeitaipava.com.br\/index.php\/wp-json\/wp\/v2\/posts\/38900\/revisions"}],"predecessor-version":[{"id":38901,"href":"https:\/\/jornaldeitaipava.com.br\/index.php\/wp-json\/wp\/v2\/posts\/38900\/revisions\/38901"}],"wp:featuredmedia":[{"embeddable":true,"href":"https:\/\/jornaldeitaipava.com.br\/index.php\/wp-json\/wp\/v2\/media\/32971"}],"wp:attachment":[{"href":"https:\/\/jornaldeitaipava.com.br\/index.php\/wp-json\/wp\/v2\/media?parent=38900"}],"wp:term":[{"taxonomy":"category","embeddable":true,"href":"https:\/\/jornaldeitaipava.com.br\/index.php\/wp-json\/wp\/v2\/categories?post=38900"},{"taxonomy":"post_tag","embeddable":true,"href":"https:\/\/jornaldeitaipava.com.br\/index.php\/wp-json\/wp\/v2\/tags?post=38900"}],"curies":[{"name":"wp","href":"https:\/\/api.w.org\/{rel}","templated":true}]}}