{"id":38904,"date":"2024-03-25T09:55:26","date_gmt":"2024-03-25T12:55:26","guid":{"rendered":"http:\/\/jornaldeitaipava.com.br\/?p=38904"},"modified":"2024-03-25T09:55:28","modified_gmt":"2024-03-25T12:55:28","slug":"bombeiros-atendem-mais-de-230-ocorrencias-relacionadas-a-chuvas-no-estado-do-rio","status":"publish","type":"post","link":"https:\/\/jornaldeitaipava.com.br\/index.php\/2024\/03\/25\/bombeiros-atendem-mais-de-230-ocorrencias-relacionadas-a-chuvas-no-estado-do-rio\/","title":{"rendered":"Bombeiros atendem mais de 230 ocorr\u00eancias relacionadas a chuvas no Estado do Rio"},"content":{"rendered":"\n<p>Desde a \u00faltima quinta-feira (21), o Corpo de Bombeiros Militar do Estado do Rio de Janeiro atendeu 237 ocorr\u00eancias relacionadas \u00e0s chuvas. O n\u00famero de mortes chegou a 8 nesse per\u00edodo. At\u00e9 o momento, os bombeiros do Rio de Janeiro atuaram em 111 inunda\u00e7\u00f5es e alagamentos, 30 desabamentos ou deslizamentos e fez 52 cortes de \u00e1rvores.<br>A Secretaria de Estado de Sa\u00fade (SES RJ) fez, neste domingo (24), nova entrega de medicamentos e insumos a munic\u00edpios afetados pelas chuvas. Os itens que comp\u00f5em os chamados kits calamidade, contendo medicamentos, como analg\u00e9sicos e antibi\u00f3ticos, e insumos, como m\u00e1scaras, agulhas, seringas, agulhas e soro, foram levados da Coordena\u00e7\u00e3o Geral de Armazenagem (CGA) da secretaria, em Niter\u00f3i, regi\u00e3o metropolitana do Rio, para as cidades de Petr\u00f3polis e Teres\u00f3polis, na regi\u00e3o serrana, e Bom Jesus do Itabapoana, no noroeste do estado.<br>No s\u00e1bado (23), Teres\u00f3polis e Petr\u00f3polis j\u00e1 tinham recebido a visita de t\u00e9cnicos da SES-RJ e da pr\u00f3pria secret\u00e1ria, Claudia Mello. Eles foram ver os estragos na regi\u00e3o e verificar as necessidades dos munic\u00edpios na \u00e1rea da sa\u00fade.<br>At\u00e9 o momento, foram enviados mais de 20 mil itens aos munic\u00edpios afetados. As equipes permanecem de plant\u00e3o na secretaria para qualquer necessidade relacionada aos estragos provocados pelas chuvas.<\/p>\n\n\n\n<p><strong>Objetivos<br><\/strong>Segundo a Secret\u00e1ria de Sa\u00fade, o objetivo \u00e9 orientar os gestores municipais para que os impactos \u00e0 popula\u00e7\u00e3o n\u00e3o sejam agravados. \u201cA gente sabe a dificuldade de atua\u00e7\u00e3o em momentos como estes. Por isso, o governo do Rio est\u00e1 atuando de forma efetiva no apoio \u00e0s cidades prejudicadas\u201d, disse Claudia Mello.<\/p>\n\n\n\n<p>Em Teres\u00f3polis, a equipe da SES-RJ se reuniu com a subsecret\u00e1ria municipal de Aten\u00e7\u00e3o \u00e0 Sa\u00fade, Michelli Pinto, no Gin\u00e1sio Poliesportivo Pedro Jahara, na V\u00e1rzea. Os abrigos tempor\u00e1rios instalados no Col\u00e9gio Municipal Dorvalino de Oliveira, no bairro Correia, e no Ciep Sebasti\u00e3o Melo, no bairro Barroso, tamb\u00e9m foram visitados.<\/p>\n\n\n\n<p>Em Petr\u00f3polis, foram entregues kits calamidade no N\u00facleo de Assist\u00eancia Farmac\u00eautica da cidade e vistoriados os abrigos tempor\u00e1rios na Escola Municipal Johann Noel, no Bigen, e na Escola Jo\u00e3o Batista, no bairro Duarte da Silveira. Em Mag\u00e9, agentes da SES-RJ fizeram contato com a secret\u00e1ria municipal de Sa\u00fade, Dra. Larissa Malta e, em seguida, visitaram as unidades b\u00e1sicas de sa\u00fade da cidade, afetadas pela chuvas.<\/p>\n\n\n\n<p><strong>Doen\u00e7as de veicula\u00e7\u00e3o h\u00eddrica<br><\/strong>Segundo a superintendente de Emerg\u00eancias em Sa\u00fade P\u00fablica da SES-RJ, Silvia Carvalho, um dos pontos de aten\u00e7\u00e3o nas visitas \u00e9 o aumento de casos de doen\u00e7as de veicula\u00e7\u00e3o h\u00eddrica, que s\u00e3o aquelas transmitidas por \u00e1gua e lama contaminadas.<\/p>\n\n\n\n<p>\u201c\u00c9 uma preocupa\u00e7\u00e3o recorrente. S\u00e3o in\u00fameros os microrganismos que podem provocar adoecimento. Eles se manifestam diretamente em enfermidades como leptospirose e doen\u00e7as diarreicas, entre outras, e indiretamente, na dengue, que se torna uma preocupa\u00e7\u00e3o ainda maior, devido ao cen\u00e1rio epid\u00eamico. S\u00e3o doen\u00e7as s\u00e9rias que, sem o manejo cl\u00ednico adequado e no tempo oportuno, podem causar interna\u00e7\u00f5es e \u00f3bitos&#8221;, alerta S\u00edlvia.<\/p>\n\n\n\n<p>Visando agilizar o recebimento da ajuda \u00e0s cidades, a secretaria mudou a log\u00edstica de distribui\u00e7\u00e3o dos insumos e medicamentos. Antes, as retiradas eram feitas pelos gestores municipais na Coordena\u00e7\u00e3o Geral de Armazenagem, em Niter\u00f3i, regi\u00e3o metropolitana do Rio e, posteriormente, em suas sedes.<\/p>\n\n\n\n<p><strong>Minist\u00e9rio<br><\/strong>Um representante do Minist\u00e9rio da Sa\u00fade, Lucas Fonseca, integrante do Departamento de Emerg\u00eancias em Sa\u00fade P\u00fablica, da Secretaria de Vigil\u00e2ncia em Sa\u00fade e Ambiente, acompanhou, neste domingo, os servi\u00e7os de sa\u00fade prestados aos abrigados no Ponto de Apoio do Alto Independ\u00eancia. Fonseca faz parte da equipe do Sistema Nacional de Prote\u00e7\u00e3o e Defesa Civil do governo federal.<br>O prefeito de Petr\u00f3polis, Rubens Bomtempo, enfatizou que \u00e9 importante receber , neste momento, o apoio do governo federal, que se disp\u00f4s a refor\u00e7ar as equipes de sa\u00fade, se for necess\u00e1rio, e a atender outras demandas do munic\u00edpio. \u201cIsso nos tranquiliza, por saber que n\u00e3o estamos sozinhos nas situa\u00e7\u00f5es de emerg\u00eancia em nossa cidade\u201d, afirmou Bomtempo.<br>Acompanhado do secret\u00e1rio de Sa\u00fade, Marcus Curvelo, Lucas Fonseca esteve na Escola Municipal Alto Independ\u00eancia, que \u00e9 a unidade de apoio com maior n\u00famero de pessoas abrigadas.<\/p>\n\n\n\n<p>Da Ag\u00eancia Brasil<\/p>\n","protected":false},"excerpt":{"rendered":"<p>Desde a \u00faltima quinta-feira (21), o Corpo de Bombeiros Militar do Estado do Rio de<\/p>\n","protected":false},"author":1,"featured_media":38869,"comment_status":"closed","ping_status":"open","sticky":false,"template":"","format":"standard","meta":{"spay_email":"","footnotes":"","jetpack_publicize_message":""},"categories":[5],"tags":[],"jetpack_featured_media_url":"https:\/\/i1.wp.com\/jornaldeitaipava.com.br\/wp-content\/uploads\/2024\/03\/desaba.png?fit=397%2C206&ssl=1","jetpack_publicize_connections":[],"jetpack_sharing_enabled":true,"jetpack_likes_enabled":true,"jetpack-related-posts":[],"_links":{"self":[{"href":"https:\/\/jornaldeitaipava.com.br\/index.php\/wp-json\/wp\/v2\/posts\/38904"}],"collection":[{"href":"https:\/\/jornaldeitaipava.com.br\/index.php\/wp-json\/wp\/v2\/posts"}],"about":[{"href":"https:\/\/jornaldeitaipava.com.br\/index.php\/wp-json\/wp\/v2\/types\/post"}],"author":[{"embeddable":true,"href":"https:\/\/jornaldeitaipava.com.br\/index.php\/wp-json\/wp\/v2\/users\/1"}],"replies":[{"embeddable":true,"href":"https:\/\/jornaldeitaipava.com.br\/index.php\/wp-json\/wp\/v2\/comments?post=38904"}],"version-history":[{"count":1,"href":"https:\/\/jornaldeitaipava.com.br\/index.php\/wp-json\/wp\/v2\/posts\/38904\/revisions"}],"predecessor-version":[{"id":38905,"href":"https:\/\/jornaldeitaipava.com.br\/index.php\/wp-json\/wp\/v2\/posts\/38904\/revisions\/38905"}],"wp:featuredmedia":[{"embeddable":true,"href":"https:\/\/jornaldeitaipava.com.br\/index.php\/wp-json\/wp\/v2\/media\/38869"}],"wp:attachment":[{"href":"https:\/\/jornaldeitaipava.com.br\/index.php\/wp-json\/wp\/v2\/media?parent=38904"}],"wp:term":[{"taxonomy":"category","embeddable":true,"href":"https:\/\/jornaldeitaipava.com.br\/index.php\/wp-json\/wp\/v2\/categories?post=38904"},{"taxonomy":"post_tag","embeddable":true,"href":"https:\/\/jornaldeitaipava.com.br\/index.php\/wp-json\/wp\/v2\/tags?post=38904"}],"curies":[{"name":"wp","href":"https:\/\/api.w.org\/{rel}","templated":true}]}}