{"id":38920,"date":"2024-03-25T12:21:37","date_gmt":"2024-03-25T15:21:37","guid":{"rendered":"http:\/\/jornaldeitaipava.com.br\/?p=38920"},"modified":"2024-03-25T12:21:43","modified_gmt":"2024-03-25T15:21:43","slug":"arte-informa-lojas-da-rua-teresa-em-funcionamento","status":"publish","type":"post","link":"https:\/\/jornaldeitaipava.com.br\/index.php\/2024\/03\/25\/arte-informa-lojas-da-rua-teresa-em-funcionamento\/","title":{"rendered":"ARTE informa: lojas da Rua Teresa em funcionamento"},"content":{"rendered":"\n<p>A ARTE &#8211; Associa\u00e7\u00e3o da Rua Teresa &#8211; informa que, nesta segunda-feira (25), o com\u00e9rcio da Rua Teresa est\u00e1 em pleno funcionamento. A chuva n\u00e3o causou transtornos estruturais ao longo do polo de moda.<br>Vale salientar que a maioria das lojas fechou mais cedo na sexta e muitas n\u00e3o abriram no s\u00e1bado e domingo, por precau\u00e7\u00e3o. Mas, diante do cen\u00e1rio meteorol\u00f3gico, as atividades voltaram ao normal nesta segunda.<br>Nossos setores produtivos est\u00e3o aptos a receber visitantes. A Rua est\u00e1 limpa. Precisamos do nosso com\u00e9rcio funcionando e recebendo clientes para fortalecer a nossa economia. Contamos com aux\u00edlio do poder p\u00fablico para a plena recupera\u00e7\u00e3o dos locais atingidos na nossa cidade.<\/p>\n","protected":false},"excerpt":{"rendered":"<p>A ARTE &#8211; Associa\u00e7\u00e3o da Rua Teresa &#8211; informa que, nesta segunda-feira (25), o com\u00e9rcio<\/p>\n","protected":false},"author":1,"featured_media":5182,"comment_status":"closed","ping_status":"open","sticky":false,"template":"","format":"standard","meta":{"spay_email":"","footnotes":"","jetpack_publicize_message":""},"categories":[2],"tags":[],"jetpack_featured_media_url":"https:\/\/i0.wp.com\/jornaldeitaipava.com.br\/wp-content\/uploads\/2020\/11\/RUA-TERESA-2.jpg?fit=598%2C331&ssl=1","jetpack_publicize_connections":[],"jetpack_sharing_enabled":true,"jetpack_likes_enabled":true,"jetpack-related-posts":[],"_links":{"self":[{"href":"https:\/\/jornaldeitaipava.com.br\/index.php\/wp-json\/wp\/v2\/posts\/38920"}],"collection":[{"href":"https:\/\/jornaldeitaipava.com.br\/index.php\/wp-json\/wp\/v2\/posts"}],"about":[{"href":"https:\/\/jornaldeitaipava.com.br\/index.php\/wp-json\/wp\/v2\/types\/post"}],"author":[{"embeddable":true,"href":"https:\/\/jornaldeitaipava.com.br\/index.php\/wp-json\/wp\/v2\/users\/1"}],"replies":[{"embeddable":true,"href":"https:\/\/jornaldeitaipava.com.br\/index.php\/wp-json\/wp\/v2\/comments?post=38920"}],"version-history":[{"count":1,"href":"https:\/\/jornaldeitaipava.com.br\/index.php\/wp-json\/wp\/v2\/posts\/38920\/revisions"}],"predecessor-version":[{"id":38921,"href":"https:\/\/jornaldeitaipava.com.br\/index.php\/wp-json\/wp\/v2\/posts\/38920\/revisions\/38921"}],"wp:featuredmedia":[{"embeddable":true,"href":"https:\/\/jornaldeitaipava.com.br\/index.php\/wp-json\/wp\/v2\/media\/5182"}],"wp:attachment":[{"href":"https:\/\/jornaldeitaipava.com.br\/index.php\/wp-json\/wp\/v2\/media?parent=38920"}],"wp:term":[{"taxonomy":"category","embeddable":true,"href":"https:\/\/jornaldeitaipava.com.br\/index.php\/wp-json\/wp\/v2\/categories?post=38920"},{"taxonomy":"post_tag","embeddable":true,"href":"https:\/\/jornaldeitaipava.com.br\/index.php\/wp-json\/wp\/v2\/tags?post=38920"}],"curies":[{"name":"wp","href":"https:\/\/api.w.org\/{rel}","templated":true}]}}