{"id":38922,"date":"2024-03-25T12:25:10","date_gmt":"2024-03-25T15:25:10","guid":{"rendered":"http:\/\/jornaldeitaipava.com.br\/?p=38922"},"modified":"2024-03-25T12:25:14","modified_gmt":"2024-03-25T15:25:14","slug":"governo-federal-reconhece-situacao-de-emergencia-em-teresopolis","status":"publish","type":"post","link":"https:\/\/jornaldeitaipava.com.br\/index.php\/2024\/03\/25\/governo-federal-reconhece-situacao-de-emergencia-em-teresopolis\/","title":{"rendered":"Governo Federal reconhece situa\u00e7\u00e3o de emerg\u00eancia em Teres\u00f3polis"},"content":{"rendered":"\n<p>Publicada neste domingo, 24 de mar\u00e7o, no Di\u00e1rio Oficial da Uni\u00e3o, a Portaria n\u00b0 990, da Secretaria Nacional de Prote\u00e7\u00e3o e Defesa Civil, vinculada ao Minist\u00e9rio da Integra\u00e7\u00e3o e do Desenvolvimento Regional, reconhece a situa\u00e7\u00e3o de emerg\u00eancia de Teres\u00f3polis em decorr\u00eancia das chuvas intensas que atingem a Regi\u00e3o Serrana desde o dia 21 de mar\u00e7o.<br>Com 02 \u00f3bitos, 26 deslizamentos de terra registrados pela Defesa Civil, 84 pessoas desabrigadas e 47 desalojadas sendo acompanhadas pela Secretaria Municipal de Assist\u00eancia Social e Direitos Humanos, o munic\u00edpio teve a situa\u00e7\u00e3o de emerg\u00eancia decretada no \u00faltimo s\u00e1bado, 23, pelo Prefeito Vinicius Claussen.<br>Entre os motivos do decreto est\u00e3o: as consequ\u00eancias das fortes precipita\u00e7\u00f5es, que ocasionaram alagamentos e deslizamentos de terras em diversos pontos do Munic\u00edpio, acarretando em morte, danos e preju\u00edzo. Os in\u00fameros estragos provocados no Munic\u00edpio em virtude do elevado \u00edndice pluviom\u00e9trico elevou de forma desproporcional os n\u00edveis dos rios e seus respectivos afluentes.<br>\u201cRecebemos neste domingo, 24, o secret\u00e1rio nacional de Prote\u00e7\u00e3o e Defesa Civil, Wolnei Wolff, e estamos pleiteando ao Governo Federal obras emergenciais de conten\u00e7\u00e3o e de recupera\u00e7\u00e3o de estruturas danificadas pelas chuvas. O levantamento come\u00e7ou a ser feito ontem mesmo, por t\u00e9cnicos da Defesa Civil Municipal e das secretarias de Obras e Servi\u00e7os P\u00fablicos, Fiscaliza\u00e7\u00e3o de Obras P\u00fablicas e de Projetos Especiais, seguindo o protocolo para situa\u00e7\u00f5es de emerg\u00eancia\u201d, explica o Prefeito Vinicius Claussen, coordenador do Gabinete de Crise Preventivo.<br>Equipes da Defesa Civil continuam percorrendo os bairros e fazendo vistorias t\u00e9cnicas nos endere\u00e7os com registro de ocorr\u00eancias. Servidores das secretarias de Agricultura e de Obras e Servi\u00e7os P\u00fablicos atuam direto na desobstru\u00e7\u00e3o de acessos, remo\u00e7\u00e3o de \u00e1rvores e retirada de terra em vias p\u00fablicas, na cidade e no interior.<\/p>\n","protected":false},"excerpt":{"rendered":"<p>Publicada neste domingo, 24 de mar\u00e7o, no Di\u00e1rio Oficial da Uni\u00e3o, a Portaria n\u00b0 990,<\/p>\n","protected":false},"author":1,"featured_media":38923,"comment_status":"closed","ping_status":"open","sticky":false,"template":"","format":"standard","meta":{"spay_email":"","footnotes":"","jetpack_publicize_message":""},"categories":[5],"tags":[],"jetpack_featured_media_url":"https:\/\/i2.wp.com\/jornaldeitaipava.com.br\/wp-content\/uploads\/2024\/03\/3.jpeg?fit=1600%2C1066&ssl=1","jetpack_publicize_connections":[],"jetpack_sharing_enabled":true,"jetpack_likes_enabled":true,"jetpack-related-posts":[],"_links":{"self":[{"href":"https:\/\/jornaldeitaipava.com.br\/index.php\/wp-json\/wp\/v2\/posts\/38922"}],"collection":[{"href":"https:\/\/jornaldeitaipava.com.br\/index.php\/wp-json\/wp\/v2\/posts"}],"about":[{"href":"https:\/\/jornaldeitaipava.com.br\/index.php\/wp-json\/wp\/v2\/types\/post"}],"author":[{"embeddable":true,"href":"https:\/\/jornaldeitaipava.com.br\/index.php\/wp-json\/wp\/v2\/users\/1"}],"replies":[{"embeddable":true,"href":"https:\/\/jornaldeitaipava.com.br\/index.php\/wp-json\/wp\/v2\/comments?post=38922"}],"version-history":[{"count":1,"href":"https:\/\/jornaldeitaipava.com.br\/index.php\/wp-json\/wp\/v2\/posts\/38922\/revisions"}],"predecessor-version":[{"id":38924,"href":"https:\/\/jornaldeitaipava.com.br\/index.php\/wp-json\/wp\/v2\/posts\/38922\/revisions\/38924"}],"wp:featuredmedia":[{"embeddable":true,"href":"https:\/\/jornaldeitaipava.com.br\/index.php\/wp-json\/wp\/v2\/media\/38923"}],"wp:attachment":[{"href":"https:\/\/jornaldeitaipava.com.br\/index.php\/wp-json\/wp\/v2\/media?parent=38922"}],"wp:term":[{"taxonomy":"category","embeddable":true,"href":"https:\/\/jornaldeitaipava.com.br\/index.php\/wp-json\/wp\/v2\/categories?post=38922"},{"taxonomy":"post_tag","embeddable":true,"href":"https:\/\/jornaldeitaipava.com.br\/index.php\/wp-json\/wp\/v2\/tags?post=38922"}],"curies":[{"name":"wp","href":"https:\/\/api.w.org\/{rel}","templated":true}]}}