{"id":38928,"date":"2024-03-26T13:21:06","date_gmt":"2024-03-26T16:21:06","guid":{"rendered":"http:\/\/jornaldeitaipava.com.br\/?p=38928"},"modified":"2024-03-26T13:21:09","modified_gmt":"2024-03-26T16:21:09","slug":"vigilancia-em-saude-cuidados-no-pos-chuvas","status":"publish","type":"post","link":"https:\/\/jornaldeitaipava.com.br\/index.php\/2024\/03\/26\/vigilancia-em-saude-cuidados-no-pos-chuvas\/","title":{"rendered":"Vigil\u00e2ncia em Sa\u00fade: cuidados no p\u00f3s-chuvas"},"content":{"rendered":"\n<p>Desde a manh\u00e3 de domingo (24\/03), equipes do Departamento de Vigil\u00e2ncia em Sa\u00fade da Secretaria de Sa\u00fade de Petr\u00f3polis v\u00eam atuando nos pontos de apoio e nas \u00e1reas de deslizamentos e alagamentos para orientar a popula\u00e7\u00e3o em rela\u00e7\u00e3o \u00e0 transmiss\u00e3o de doen\u00e7as que podem ter maior incid\u00eancia no p\u00f3s-chuvas. Uma dessas doen\u00e7as \u00e9 a leptospirose, transmitida principalmente pela urina dos ratos e ratazanas.<br>T\u00e9cnicos da Vigil\u00e2ncia Epidemiol\u00f3gica est\u00e3o nas comunidades levando informa\u00e7\u00f5es \u00e0 popula\u00e7\u00e3o sobre leptospirose, dengue e demais doen\u00e7as transmitidas por vetores, al\u00e9m de covid e gripe, e tamb\u00e9m avaliando a situa\u00e7\u00e3o vacinal quanto \u00e0 difteria e o t\u00e9tano. J\u00e1 a Vigil\u00e2ncia Ambiental, tamb\u00e9m ligada ao Departamento de Vigil\u00e2ncia em Sa\u00fade, realizou avalia\u00e7\u00e3o dos pontos de apoio e arredores em rela\u00e7\u00e3o a situa\u00e7\u00e3o de vetores como roedores e poss\u00edveis criadouros para o Aedes aegypti e tamb\u00e9m avaliou a qualidade da \u00e1gua de consumo humano por meio do programa VIGIAGUA. Al\u00e9m disso, os trabalhadores que passaram pelos pontos de apoio e que se encontram no abrigo receberam o acompanhamento do CEREST (Centro de Refer\u00eancia em Sa\u00fade do Trabalhador), com orienta\u00e7\u00f5es e assist\u00eancia.<br>\u201cNeste momento de crise, todas as secretarias se voltaram para atuar, cada uma em sua \u00e1rea, afim de reestabelecer a normalidade no munic\u00edpio. A Secretaria de Sa\u00fade, principalmente, tem um papel fundamental na atua\u00e7\u00e3o junto \u00e0s comunidades para minimizar os impactos na sa\u00fade ap\u00f3s as chuvas\u201d, disse o prefeito Rubens Bomtempo.<\/p>\n\n\n\n<p><strong>Leptospirose<br><\/strong>Uma das principais doen\u00e7as que podem aumentar a incid\u00eancia ap\u00f3s as chuvas \u00e9 a leptospirose, causada pela bact\u00e9ria Leptospira. A doen\u00e7a \u00e9 transmitida pela urina principalmente de ratos e ratazanas com a contamina\u00e7\u00e3o em \u00e1reas alagadas e lama. A leptospirose \u00e9 uma doen\u00e7a febril aguda, que tem como sintomas tamb\u00e9m as dores musculares, cansa\u00e7o, n\u00e1useas, tosse, diarreia, manchas vermelhas no corpo e olhos vermelhos.<br>\u201cOs sintomas da doen\u00e7a podem aparecer at\u00e9 30 dias ap\u00f3s a exposi\u00e7\u00e3o, mas normalmente ocorre entre 7 a 14 dias e podem ser confundidos com outras doen\u00e7as. Por isso \u00e9 importante que em caso de suspeita, as pessoas procurem atendimento m\u00e9dico rapidamente e informar na unidade de sa\u00fade que teve contato com a lama ou enchente\u201d, orientou Marcus Curvelo, secret\u00e1rio de sa\u00fade. \u201cQuanto antes for iniciado o tratamento, mais chances de a doen\u00e7a n\u00e3o evoluir\u201d, acrescentou.<\/p>\n\n\n\n<p><strong>Preven\u00e7\u00e3o<br><\/strong>Os trabalhos da Vigil\u00e2ncia em Sa\u00fade s\u00e3o coordenados por Alessandra Cardoso, diretora do departamento. De acordo com ela, com as inunda\u00e7\u00f5es, aumenta o risco de cont\u00e1gio, por isso, as pessoas precisam evitar andar em \u00e1reas alagadas ou com lama, j\u00e1 que a bact\u00e9ria pode penetrar no organismo por meio de pequenas les\u00f5es ou mesmo exposi\u00e7\u00e3o da pele por muito tempo em \u00e1gua contaminada.<br>Ela orienta o uso de equipamento de prote\u00e7\u00e3o no manuseio de objetos atingidos por lama ou inunda\u00e7\u00f5es. \u201c\u00c9 preciso usar material de prote\u00e7\u00e3o, como luvas e botas, para a limpeza dos locais atingidos pelas enchentes. A \u00e1gua sanit\u00e1ria \u00e9 eficaz para eliminar a bact\u00e9ria que causa a doen\u00e7a e devem ser usados na limpeza das casas e outras \u00e1reas\u201d, orientou.<\/p>\n","protected":false},"excerpt":{"rendered":"<p>Desde a manh\u00e3 de domingo (24\/03), equipes do Departamento de Vigil\u00e2ncia em Sa\u00fade da Secretaria<\/p>\n","protected":false},"author":1,"featured_media":38929,"comment_status":"closed","ping_status":"open","sticky":false,"template":"","format":"standard","meta":{"spay_email":"","footnotes":"","jetpack_publicize_message":""},"categories":[2],"tags":[],"jetpack_featured_media_url":"https:\/\/i2.wp.com\/jornaldeitaipava.com.br\/wp-content\/uploads\/2024\/03\/WhatsApp-Image-2024-03-26-at-11.34.30.jpeg?fit=1180%2C1280&ssl=1","jetpack_publicize_connections":[],"jetpack_sharing_enabled":true,"jetpack_likes_enabled":true,"jetpack-related-posts":[],"_links":{"self":[{"href":"https:\/\/jornaldeitaipava.com.br\/index.php\/wp-json\/wp\/v2\/posts\/38928"}],"collection":[{"href":"https:\/\/jornaldeitaipava.com.br\/index.php\/wp-json\/wp\/v2\/posts"}],"about":[{"href":"https:\/\/jornaldeitaipava.com.br\/index.php\/wp-json\/wp\/v2\/types\/post"}],"author":[{"embeddable":true,"href":"https:\/\/jornaldeitaipava.com.br\/index.php\/wp-json\/wp\/v2\/users\/1"}],"replies":[{"embeddable":true,"href":"https:\/\/jornaldeitaipava.com.br\/index.php\/wp-json\/wp\/v2\/comments?post=38928"}],"version-history":[{"count":1,"href":"https:\/\/jornaldeitaipava.com.br\/index.php\/wp-json\/wp\/v2\/posts\/38928\/revisions"}],"predecessor-version":[{"id":38930,"href":"https:\/\/jornaldeitaipava.com.br\/index.php\/wp-json\/wp\/v2\/posts\/38928\/revisions\/38930"}],"wp:featuredmedia":[{"embeddable":true,"href":"https:\/\/jornaldeitaipava.com.br\/index.php\/wp-json\/wp\/v2\/media\/38929"}],"wp:attachment":[{"href":"https:\/\/jornaldeitaipava.com.br\/index.php\/wp-json\/wp\/v2\/media?parent=38928"}],"wp:term":[{"taxonomy":"category","embeddable":true,"href":"https:\/\/jornaldeitaipava.com.br\/index.php\/wp-json\/wp\/v2\/categories?post=38928"},{"taxonomy":"post_tag","embeddable":true,"href":"https:\/\/jornaldeitaipava.com.br\/index.php\/wp-json\/wp\/v2\/tags?post=38928"}],"curies":[{"name":"wp","href":"https:\/\/api.w.org\/{rel}","templated":true}]}}