{"id":38931,"date":"2024-03-26T13:22:52","date_gmt":"2024-03-26T16:22:52","guid":{"rendered":"http:\/\/jornaldeitaipava.com.br\/?p=38931"},"modified":"2024-03-26T13:22:57","modified_gmt":"2024-03-26T16:22:57","slug":"familias-que-estao-no-abrigo-do-santa-isabel-no-caxambu-recebem-assistencia-em-saude-social-e-recreacao-para-as-criancas","status":"publish","type":"post","link":"https:\/\/jornaldeitaipava.com.br\/index.php\/2024\/03\/26\/familias-que-estao-no-abrigo-do-santa-isabel-no-caxambu-recebem-assistencia-em-saude-social-e-recreacao-para-as-criancas\/","title":{"rendered":"Fam\u00edlias que est\u00e3o no Abrigo do Santa Isabel, no Caxambu, recebem assist\u00eancia em sa\u00fade, social e recrea\u00e7\u00e3o para as crian\u00e7as"},"content":{"rendered":"\n<p>A Prefeitura est\u00e1 oferecendo total apoio \u00e0s 27 fam\u00edlias que est\u00e3o acolhidas no Abrigo do Santa Isabel, onde recebem alimenta\u00e7\u00e3o, itens de higiene pessoal e local adequado para dormir. Al\u00e9m disso, o espa\u00e7o recebeu uma base permanente de Sa\u00fade com diferentes servi\u00e7os.<br>A Prefeitura chegou a acolher cerca de 500 pessoas nos pontos de apoio desde a \u00faltima sexta-feira (22\/03), com o in\u00edcio do temporal provocado por uma frente fria. Neste momento, h\u00e1 92 pessoas abrigados no Caxambu e 95 no ponto de apoio montado na Escola Municipal Alto Independ\u00eancia.<br>\u201cDesde o in\u00edcio conseguimos mobilizar todas as secretarias para formar a rede de apoio \u00e0s pessoas que precisaram sair de suas casas devido ao risco de deslizamentos ou \u00e0queles que infelizmente tiveras suas moradias atingidas. Seguimos o Plano de Conting\u00eancia no alerta \u00e0 popula\u00e7\u00e3o, na assist\u00eancia \u00e0s v\u00edtimas e no reestabelecimento dos servi\u00e7os e limpeza de vias. Infelizmente perdemos quatro vidas e neste momento precisamos continuar ajudando \u00e0s fam\u00edlias afetadas\u201d, disse o prefeito Rubens Bomtempo.<br>O abrigo \u00e9 coordenado pela Secretaria de Assist\u00eancia Social e re\u00fane servi\u00e7os de diferentes \u00f3rg\u00e3os. Nesta segunda (25), Assistentes do programa Crian\u00e7a Feliz realizaram atividades recreativas com as crian\u00e7as abrigadas no loca local.<br>\u201cTodas as equipes da Assist\u00eancia Social est\u00e3o, desde o in\u00edcio das chuvas, mobilizadas para os pontos de apoio que foram abertos na quinta-feira e, agora, para o abrigo do Santa Isabel, Caxambu. Em nenhum momento, faltou nada para os desabrigados e a Prefeitura est\u00e1 estruturada para receber mais de mil pessoas, com colch\u00f5es, roupas de cama e alimentos\u201d, disse o secret\u00e1rio de Assist\u00eancia Social, Fernando Ara\u00fajo.<br>A Secretaria de Sa\u00fade montou uma grande estrutura no espa\u00e7o: uma base permanente de Sa\u00fade para a oferta de atendimento m\u00e9dico, psicol\u00f3gico, suporte do programa de hipertens\u00e3o e diabetes, testes r\u00e1pidos para ISTs, assist\u00eancia social, vacina\u00e7\u00e3o antitet\u00e2nica e atendimento especializado para as pessoas com defici\u00eancia.<br>Outros \u00f3rg\u00e3os tamb\u00e9m est\u00e3o presentes no local para a oferta de servi\u00e7os, como a Defesa Civil, Conselho Tutelar, Cobea, Guarda Civil e a Pol\u00edcia Militar.<\/p>\n","protected":false},"excerpt":{"rendered":"<p>A Prefeitura est\u00e1 oferecendo total apoio \u00e0s 27 fam\u00edlias que est\u00e3o acolhidas no Abrigo do<\/p>\n","protected":false},"author":1,"featured_media":38932,"comment_status":"closed","ping_status":"open","sticky":false,"template":"","format":"standard","meta":{"spay_email":"","footnotes":"","jetpack_publicize_message":""},"categories":[2],"tags":[],"jetpack_featured_media_url":"https:\/\/i1.wp.com\/jornaldeitaipava.com.br\/wp-content\/uploads\/2024\/03\/WhatsApp-Image-2024-03-26-at-11.23.50.jpeg?fit=1599%2C1066&ssl=1","jetpack_publicize_connections":[],"jetpack_sharing_enabled":true,"jetpack_likes_enabled":true,"jetpack-related-posts":[],"_links":{"self":[{"href":"https:\/\/jornaldeitaipava.com.br\/index.php\/wp-json\/wp\/v2\/posts\/38931"}],"collection":[{"href":"https:\/\/jornaldeitaipava.com.br\/index.php\/wp-json\/wp\/v2\/posts"}],"about":[{"href":"https:\/\/jornaldeitaipava.com.br\/index.php\/wp-json\/wp\/v2\/types\/post"}],"author":[{"embeddable":true,"href":"https:\/\/jornaldeitaipava.com.br\/index.php\/wp-json\/wp\/v2\/users\/1"}],"replies":[{"embeddable":true,"href":"https:\/\/jornaldeitaipava.com.br\/index.php\/wp-json\/wp\/v2\/comments?post=38931"}],"version-history":[{"count":1,"href":"https:\/\/jornaldeitaipava.com.br\/index.php\/wp-json\/wp\/v2\/posts\/38931\/revisions"}],"predecessor-version":[{"id":38933,"href":"https:\/\/jornaldeitaipava.com.br\/index.php\/wp-json\/wp\/v2\/posts\/38931\/revisions\/38933"}],"wp:featuredmedia":[{"embeddable":true,"href":"https:\/\/jornaldeitaipava.com.br\/index.php\/wp-json\/wp\/v2\/media\/38932"}],"wp:attachment":[{"href":"https:\/\/jornaldeitaipava.com.br\/index.php\/wp-json\/wp\/v2\/media?parent=38931"}],"wp:term":[{"taxonomy":"category","embeddable":true,"href":"https:\/\/jornaldeitaipava.com.br\/index.php\/wp-json\/wp\/v2\/categories?post=38931"},{"taxonomy":"post_tag","embeddable":true,"href":"https:\/\/jornaldeitaipava.com.br\/index.php\/wp-json\/wp\/v2\/tags?post=38931"}],"curies":[{"name":"wp","href":"https:\/\/api.w.org\/{rel}","templated":true}]}}