{"id":38936,"date":"2024-03-26T13:26:02","date_gmt":"2024-03-26T16:26:02","guid":{"rendered":"http:\/\/jornaldeitaipava.com.br\/?p=38936"},"modified":"2024-03-26T13:26:05","modified_gmt":"2024-03-26T16:26:05","slug":"prefeitura-inicia-campanha-de-vacinacao-contra-gripe-nesta-quarta-feira","status":"publish","type":"post","link":"https:\/\/jornaldeitaipava.com.br\/index.php\/2024\/03\/26\/prefeitura-inicia-campanha-de-vacinacao-contra-gripe-nesta-quarta-feira\/","title":{"rendered":"Prefeitura inicia campanha de vacina\u00e7\u00e3o contra gripe nesta quarta-feira"},"content":{"rendered":"\n<p>Seguindo a orienta\u00e7\u00e3o do Minist\u00e9rio da Sa\u00fade, a Prefeitura vai iniciar mais cedo a campanha contra a influenza (gripe). A partir desta quarta-feira (27\/03), 15 salas de vacina\u00e7\u00e3o j\u00e1 estar\u00e3o oferecendo o imunizante ao p\u00fablico alvo da campanha. Cerca de 130 mil pessoas s\u00e3o eleg\u00edveis na cidade para receber a vacina.<br>\u201cMesmo com as intercorr\u00eancias sofridas em nossa cidade, conseguimos dar andamento nos trabalhos de distribui\u00e7\u00e3o dos imunizantes e insumos para as salas de vacina e todas as unidades estar\u00e3o prontas para iniciar a campanha nesta quarta. \u00c9 muito importante que todos que fazem parte dos grupos priorit\u00e1rios compare\u00e7am para se vacinar e assim, se proteger contra os v\u00edrus da gripe\u201d, disse o prefeito Rubens Bomtempo.<br>A vacina que ser\u00e1 utilizada \u00e9 trivalente, ou seja, \u00e9 eficaz para a prote\u00e7\u00e3o contra tr\u00eas tipos de cepas de v\u00edrus.<br>\u201cA meta do Minist\u00e9rio da Sa\u00fade \u00e9 que 90% do p\u00fablico alvo de cada grupo seja vacinado. Este ano, o Minist\u00e9rio da Sa\u00fade antecipou a campanha em v\u00e1rias regi\u00f5es do Brasil devido a identifica\u00e7\u00e3o do aumento da circula\u00e7\u00e3o do v\u00edrus mais cedo.\u201d, explicou o secret\u00e1rio de sa\u00fade, Marcus Curvelo.<br>Em Petr\u00f3polis, a campanha ser\u00e1 realizada entre os dias 27 de mar\u00e7o \u00e0 31 de maio. O munic\u00edpio recebeu a 1\u00aa parcela de imunizante do Minist\u00e9rio da Sa\u00fade com 11.700 doses.<br>A influenza \u00e9 uma infec\u00e7\u00e3o viral aguda, que afeta o sistema respirat\u00f3rio e \u00e9 de f\u00e1cil transmiss\u00e3o. A estrat\u00e9gia de vacina\u00e7\u00e3o visa diminuir as interna\u00e7\u00f5es, complica\u00e7\u00f5es e \u00f3bitos na popula\u00e7\u00e3o-alvo. A vacina\u00e7\u00e3o anual \u00e9 capaz de promover a imunidade durante o per\u00edodo de maior circula\u00e7\u00e3o dos v\u00edrus.<\/p>\n\n\n\n<p>Grupos priorit\u00e1rios para vacina\u00e7\u00e3o:<\/p>\n\n\n\n<ul>\n<li>Crian\u00e7as de 6 meses a menores de 6 anos;<\/li>\n\n\n\n<li>Trabalhadores da Sa\u00fade;<\/li>\n\n\n\n<li>Gestantes;<\/li>\n\n\n\n<li>Pu\u00e9rperas;<\/li>\n\n\n\n<li>Professores dos ensinos b\u00e1sico e superior;<\/li>\n\n\n\n<li>Idosos com 60 anos ou mais;<\/li>\n\n\n\n<li>Pessoas em situa\u00e7\u00e3o de rua;<\/li>\n\n\n\n<li>Profissionais das for\u00e7as de seguran\u00e7a e de salvamento;<\/li>\n\n\n\n<li>Profissionais das For\u00e7as Armadas;<\/li>\n\n\n\n<li>Pessoas com doen\u00e7as cr\u00f4nicas n\u00e3o transmiss\u00edveis e outras condi\u00e7\u00f5es cl\u00ednicas especiais (independentemente da idade);<\/li>\n\n\n\n<li>Pessoas com defici\u00eancia permanente;<\/li>\n\n\n\n<li>Caminhoneiros;<\/li>\n\n\n\n<li>Trabalhadores do transporte rodovi\u00e1rio coletivo (urbano e de longo curso);<\/li>\n\n\n\n<li>Adolescentes e jovens sob medidas socioeducativas (entre 12 e 21 anos).<\/li>\n\n\n\n<li>Crian\u00e7as que v\u00e3o receber o imunizante pela primeira vez dever\u00e3o tomar duas doses, com um intervalo de 30 dias.<\/li>\n<\/ul>\n\n\n\n<p>Salas de Vacina\u00e7\u00e3o<br>Centro De Sa\u00fade Coletiva<br>08h \u00e0s 16h30 &#8211; ter\u00e7a, quinta e sexta;<br>08h \u00e0s 19h30 &#8211; segunda e quarta;<\/p>\n\n\n\n<p>UBS Alto Independ\u00eancia<br>08h30 \u00e0s 16h30 &#8211; segunda a sexta;<\/p>\n\n\n\n<p>UBS Morin<br>08h30 \u00e0s 16h30 &#8211; segunda, quarta e sexta;<br>08h30 \u00e0s 19h30 &#8211; ter\u00e7a e quinta;<\/p>\n\n\n\n<p>UBS Quitandinha<br>08h30 \u00e0s 19h &#8211; segunda a sexta;<\/p>\n\n\n\n<p>Ambulat\u00f3rio Escola FMP\/FASE<br>08h \u00e0s 16h &#8211; segunda a sexta;<\/p>\n\n\n\n<p>Centro De Sa\u00fade Itamarati<br>08h30 \u00e0s 19h30 &#8211; segunda a sexta;<\/p>\n\n\n\n<p>Ambulat\u00f3rio do Hospital Alcides Carneiro<br>08h30 \u00e0s 16h30 &#8211; segunda a sexta;<\/p>\n\n\n\n<p>PSF Posse<br>08h \u00e0s 16h &#8211; segunda a sexta;<\/p>\n\n\n\n<p>UBS Mosela<br>08h30 \u00e0s 19h &#8211; segunda, quarta e sexta;<br>08h30 \u00e0s 16h30 &#8211; ter\u00e7a e quinta;<\/p>\n\n\n\n<p>UBS Araras<br>07h30 \u00e0s 15h30 &#8211; segunda a sexta;<\/p>\n\n\n\n<p>UBS Itaipava<br>08h30 \u00e0s 16h30 &#8211; segunda, quarta e sexta;<br>08h30 \u00e0s 19h &#8211; ter\u00e7a e quinta;<\/p>\n\n\n\n<p>UBS Pedro Do Rio<br>08h \u00e0s 16h &#8211; segunda a sexta;<\/p>\n\n\n\n<p>UBS Retiro<br>08h30 \u00e0s 19h30 &#8211; segunda a sexta;<\/p>\n\n\n\n<p>UBS Bairro da Gl\u00f3ria<br>08h30 \u00e0s 16h30 &#8211; segunda a sexta;<\/p>\n\n\n\n<p>UBS Vicenzo Rivetti<br>08h30 \u00e0s 16h30 segunda a sexta.<\/p>\n","protected":false},"excerpt":{"rendered":"<p>Seguindo a orienta\u00e7\u00e3o do Minist\u00e9rio da Sa\u00fade, a Prefeitura vai iniciar mais cedo a campanha<\/p>\n","protected":false},"author":1,"featured_media":38937,"comment_status":"closed","ping_status":"open","sticky":false,"template":"","format":"standard","meta":{"spay_email":"","footnotes":"","jetpack_publicize_message":""},"categories":[2],"tags":[],"jetpack_featured_media_url":"https:\/\/i2.wp.com\/jornaldeitaipava.com.br\/wp-content\/uploads\/2024\/03\/WhatsApp-Image-2024-03-25-at-17.25.50.jpeg?fit=1600%2C1066&ssl=1","jetpack_publicize_connections":[],"jetpack_sharing_enabled":true,"jetpack_likes_enabled":true,"jetpack-related-posts":[],"_links":{"self":[{"href":"https:\/\/jornaldeitaipava.com.br\/index.php\/wp-json\/wp\/v2\/posts\/38936"}],"collection":[{"href":"https:\/\/jornaldeitaipava.com.br\/index.php\/wp-json\/wp\/v2\/posts"}],"about":[{"href":"https:\/\/jornaldeitaipava.com.br\/index.php\/wp-json\/wp\/v2\/types\/post"}],"author":[{"embeddable":true,"href":"https:\/\/jornaldeitaipava.com.br\/index.php\/wp-json\/wp\/v2\/users\/1"}],"replies":[{"embeddable":true,"href":"https:\/\/jornaldeitaipava.com.br\/index.php\/wp-json\/wp\/v2\/comments?post=38936"}],"version-history":[{"count":1,"href":"https:\/\/jornaldeitaipava.com.br\/index.php\/wp-json\/wp\/v2\/posts\/38936\/revisions"}],"predecessor-version":[{"id":38938,"href":"https:\/\/jornaldeitaipava.com.br\/index.php\/wp-json\/wp\/v2\/posts\/38936\/revisions\/38938"}],"wp:featuredmedia":[{"embeddable":true,"href":"https:\/\/jornaldeitaipava.com.br\/index.php\/wp-json\/wp\/v2\/media\/38937"}],"wp:attachment":[{"href":"https:\/\/jornaldeitaipava.com.br\/index.php\/wp-json\/wp\/v2\/media?parent=38936"}],"wp:term":[{"taxonomy":"category","embeddable":true,"href":"https:\/\/jornaldeitaipava.com.br\/index.php\/wp-json\/wp\/v2\/categories?post=38936"},{"taxonomy":"post_tag","embeddable":true,"href":"https:\/\/jornaldeitaipava.com.br\/index.php\/wp-json\/wp\/v2\/tags?post=38936"}],"curies":[{"name":"wp","href":"https:\/\/api.w.org\/{rel}","templated":true}]}}