{"id":38941,"date":"2024-03-26T13:31:28","date_gmt":"2024-03-26T16:31:28","guid":{"rendered":"http:\/\/jornaldeitaipava.com.br\/?p=38941"},"modified":"2024-03-26T13:31:33","modified_gmt":"2024-03-26T16:31:33","slug":"selecao-da-lpd-sub-17-e-convocada-para-disputa-do-campeonato-estadual-de-futebol","status":"publish","type":"post","link":"https:\/\/jornaldeitaipava.com.br\/index.php\/2024\/03\/26\/selecao-da-lpd-sub-17-e-convocada-para-disputa-do-campeonato-estadual-de-futebol\/","title":{"rendered":"Sele\u00e7\u00e3o da LPD Sub-17 \u00e9 convocada para disputa do Campeonato Estadual de Futebol"},"content":{"rendered":"\n<p>A Liga Petropolitana de Desportos (LPD) ir\u00e1 representar Petr\u00f3polis em mais um ano no Campeonato Estadual de Ligas do Rio de Janeiro sub-17. Em 2017, a equipe conquistou o t\u00edtulo da etapa da Regi\u00e3o Serrana. Os atletas convocados para o torneio foram anunciados.<br>\u201cBaseado nos \u00faltimos campeonatos que tivemos na cidade pelas categorias sub 15\/17, estamos convocando os atletas. Lembrando que atletas federados n\u00e3o podem disputar a competi\u00e7\u00e3o de ligas e isso explica a aus\u00eancia de jogadores de clubes como o Vera Cruz, que tamb\u00e9m faz um \u00f3timo trabalho nessas categorias. Atletas do Laginha que foram campe\u00f5es municipais est\u00e3o sendo convocados para representar a liga neste 2024, at\u00e9 mesmo para acelerar o processo de prepara\u00e7\u00e3o da equipe. Este entrosamento pode favorecer e otimizar o tempo da comiss\u00e3o t\u00e9cnica, que tamb\u00e9m conta com a presen\u00e7a de destaques de Cascatinha e Boa Esperan\u00e7a&#8221;, afirma Felipe Andrade, treinador da sele\u00e7\u00e3o.<br>O Laginha foi a equipe com mais jogadores convocados, com 31. Boa Esperan\u00e7a, Cascatinha e Vera Cruz tamb\u00e9m t\u00eam representantes na sele\u00e7\u00e3o. Confira a convoca\u00e7\u00e3o por clubes:<\/p>\n\n\n\n<p><strong>Boa Esperan\u00e7a:<br><\/strong>Danilo Gabriel<\/p>\n\n\n\n<p><strong>Cascatinha:<br><\/strong>Bernardo Silva Clemente<br>Jo\u00e3o Gabriel de Paula Souza<br>Leonardo R. Evangelista<br>Jo\u00e3o Gabriel Argon<br>Kau\u00e3 Corr\u00eaa Telles<br>Leonardo Diniz Dias<br>Lucca Lago<br>Miguel Maia Xavier<br>Miguel Carvalho<\/p>\n\n\n\n<p><strong>Laginha:<br><\/strong>Bernardo Lucas<br>Bernardo Neves<br>Francisco Miranda<br>Guilherme Mesquita<br>Juan Carlos Hil\u00e1rio<br>Lucas Gabriel Sabbadin<br>Miguel Martins Gama<br>Miguel Rento<br>Pablo Muniz<br>Pedro Mello<br>Ronaldo Filho<br>Vitor Hugo Affonso<br>Willian Carmo<br>Yuri Souza<br>Arthur Kochem<br>Artur Souza Perigolo<br>Breno Alexandre<br>Caio Augusto Costa<br>Fabr\u00edcio Portes<br>Gabriel Carvalho Rocha<br>Geovane Queiroz<br>Jo\u00e3o Pedro Munch<br>Lucas Andrade Benevides<br>Lucas Guido Xavier<br>Matheus Lima de Ara\u00fajo<br>Nicolas Licht<br>Lucas Ornellas<br>Renzo Caldas<br>Yago Carvalho (Ex-Vera Cruz)<br>Gustavo Lorang (Ex-Vera Cruz)<br>Gabriel Lorang (Ex-Vera Cruz)<\/p>\n\n\n\n<p><strong>Sem clube atualmente:<br><\/strong>Bernardo Rocha Castor (Ex-Osvaldo Cruz)<br>Ewerton Lu\u00eds Fernandes (Ex-Planeta Bola\/Imperadores)<br>Gustavo Rosa (Ex-EC Corr\u00eaas)<br>Loic Dutra (Ex-Serrano)<br>Gustavo Nascimento (Ex-Serrano)<br>Pedro Lidizzia (Ex-Laginha)<\/p>\n\n\n\n<p>O treinador Felipe Andrade tamb\u00e9m informou que um treino aberto ser\u00e1 realizado para que qualquer atleta da cidade possa comparecer e conhecer a comiss\u00e3o t\u00e9cnica, podendo tamb\u00e9m integrar a equipe da liga.<\/p>\n","protected":false},"excerpt":{"rendered":"<p>A Liga Petropolitana de Desportos (LPD) ir\u00e1 representar Petr\u00f3polis em mais um ano no Campeonato<\/p>\n","protected":false},"author":1,"featured_media":38942,"comment_status":"closed","ping_status":"open","sticky":false,"template":"","format":"standard","meta":{"spay_email":"","footnotes":"","jetpack_publicize_message":""},"categories":[9],"tags":[],"jetpack_featured_media_url":"https:\/\/i1.wp.com\/jornaldeitaipava.com.br\/wp-content\/uploads\/2024\/03\/selecao-sub17-lpd.jpg?fit=1121%2C792&ssl=1","jetpack_publicize_connections":[],"jetpack_sharing_enabled":true,"jetpack_likes_enabled":true,"jetpack-related-posts":[],"_links":{"self":[{"href":"https:\/\/jornaldeitaipava.com.br\/index.php\/wp-json\/wp\/v2\/posts\/38941"}],"collection":[{"href":"https:\/\/jornaldeitaipava.com.br\/index.php\/wp-json\/wp\/v2\/posts"}],"about":[{"href":"https:\/\/jornaldeitaipava.com.br\/index.php\/wp-json\/wp\/v2\/types\/post"}],"author":[{"embeddable":true,"href":"https:\/\/jornaldeitaipava.com.br\/index.php\/wp-json\/wp\/v2\/users\/1"}],"replies":[{"embeddable":true,"href":"https:\/\/jornaldeitaipava.com.br\/index.php\/wp-json\/wp\/v2\/comments?post=38941"}],"version-history":[{"count":1,"href":"https:\/\/jornaldeitaipava.com.br\/index.php\/wp-json\/wp\/v2\/posts\/38941\/revisions"}],"predecessor-version":[{"id":38943,"href":"https:\/\/jornaldeitaipava.com.br\/index.php\/wp-json\/wp\/v2\/posts\/38941\/revisions\/38943"}],"wp:featuredmedia":[{"embeddable":true,"href":"https:\/\/jornaldeitaipava.com.br\/index.php\/wp-json\/wp\/v2\/media\/38942"}],"wp:attachment":[{"href":"https:\/\/jornaldeitaipava.com.br\/index.php\/wp-json\/wp\/v2\/media?parent=38941"}],"wp:term":[{"taxonomy":"category","embeddable":true,"href":"https:\/\/jornaldeitaipava.com.br\/index.php\/wp-json\/wp\/v2\/categories?post=38941"},{"taxonomy":"post_tag","embeddable":true,"href":"https:\/\/jornaldeitaipava.com.br\/index.php\/wp-json\/wp\/v2\/tags?post=38941"}],"curies":[{"name":"wp","href":"https:\/\/api.w.org\/{rel}","templated":true}]}}