{"id":38947,"date":"2024-03-26T13:35:08","date_gmt":"2024-03-26T16:35:08","guid":{"rendered":"http:\/\/jornaldeitaipava.com.br\/?p=38947"},"modified":"2024-03-26T13:35:13","modified_gmt":"2024-03-26T16:35:13","slug":"comac-realiza-atividades-de-mobilizacao-contra-o-desaparecimento-de-criancas-e-adolescentes","status":"publish","type":"post","link":"https:\/\/jornaldeitaipava.com.br\/index.php\/2024\/03\/26\/comac-realiza-atividades-de-mobilizacao-contra-o-desaparecimento-de-criancas-e-adolescentes\/","title":{"rendered":"COMAC realiza atividades de Mobiliza\u00e7\u00e3o contra o Desaparecimento de Crian\u00e7as e Adolescentes"},"content":{"rendered":"\n<p class=\"has-text-align-center\"><strong>Semana de Mobiliza\u00e7\u00e3o Nacional para Busca e Defesa da Crian\u00e7a Desaparecida, acontece em todo o Brasil entre os dias 25 e 31 de mar\u00e7o de 2024.<\/strong><\/p>\n\n\n\n<p>A Comac de Petr\u00f3polis, atrav\u00e9s dos alunos dos projetos sociais e do programa Jovem Aprendiz, iniciou as atividades pela Mobiliza\u00e7\u00e3o Contra o Desaparecimento de Crian\u00e7as e Adolescentes. Essa a\u00e7\u00e3o faz parte da \u201cSemana de Mobiliza\u00e7\u00e3o Nacional para Busca e Defesa da Crian\u00e7a Desaparecida\u201d, que acontece em todo o Brasil entre os dias 25 e 31 de mar\u00e7o, institu\u00edda pela Lei Federal 12.393\/2011. Este ano, o foco das atividades est\u00e1 voltado \u00e0 internet e os riscos associados ao uso inseguro da mesma. S\u00f3 em 2023, mais de 71 mil den\u00fancias de imagens de abuso e explora\u00e7\u00e3o sexual infantil chegaram \u00e0 Central Nacional de Crimes Cibern\u00e9ticos da Safernet, ONG que atua em defesa dos direitos humanos.<br>\u201cPrecisamos sensibilizar os pais e respons\u00e1veis acerca da necessidade de acompanharem o uso da internet por parte das crian\u00e7as e dos adolescentes, com vistas \u00e0 preven\u00e7\u00e3o da pornografia infantil, da troca de imagens com conte\u00fado sexual, da chantagem mediante a posse de conte\u00fado sexual e da rela\u00e7\u00e3o estabelecida entre um adulto e uma crian\u00e7a com objetivos sexuais. As crian\u00e7as e os adolescentes s\u00e3o v\u00edtimas nestas a\u00e7\u00f5es, que muitas vezes n\u00e3o s\u00e3o do conhecimento dos pais\u201d, disse Fernanda Ferreira, presidente da COMAC.<br>Para al\u00e9m dos riscos pelo uso indevido da internet, h\u00e1 ainda os conflitos familiares que, por vezes, originam a fuga do lar, podendo incluir quest\u00f5es de abuso sexual intrafamiliar sofrido pela crian\u00e7a ou pelo adolescente. Para estes desaparecimentos, a Comac de Petr\u00f3polis est\u00e1 promovendo a\u00e7\u00f5es sobre a Lei Federal n\u00famero 11.259\/2005, conhecida como a Lei da Busca Imediata, que determina que a investiga\u00e7\u00e3o em casos de desaparecimento de crian\u00e7a ou adolescente seja imediata, ou seja, o registro deve ser imediato, n\u00e3o sendo necess\u00e1rio esperar 24 horas para buscar pelo suporte da pol\u00edcia civil.<br>No estado do Rio de Janeiro, apesar do dedicado trabalho realizado pelo Programa SOS Crian\u00e7as Desaparecidas, da Funda\u00e7\u00e3o para a Inf\u00e2ncia e Adolesc\u00eancia (FIA), que j\u00e1 localizou quase quatro mil pessoas, ainda se encontram desaparecidos 626 crian\u00e7as e adolescentes, sendo destes, 75 menores de 18 anos, com maior incid\u00eancia de desaparecimento por fuga do lar (384).<\/p>\n\n\n\n<p><strong>Sobre a FIA<br><\/strong>A Funda\u00e7\u00e3o para a Inf\u00e2ncia e Adolesc\u00eancia FIA-RJ, \u00e9 um \u00f3rg\u00e3o da administra\u00e7\u00e3o indireta do Governo do Estado do Rio de Janeiro, vinculada \u00e0 Secretaria de Estado de Desenvolvimento Social e Direitos Humanos.<br>Sua miss\u00e3o \u00e9 a de colaborar na formula\u00e7\u00e3o de pol\u00edticas p\u00fablicas de garantia de direitos na \u00e1rea da inf\u00e2ncia e adolesc\u00eancia, bem como implementar e articular servi\u00e7os e a\u00e7\u00f5es de prote\u00e7\u00e3o social, de natureza especial, no \u00e2mbito da m\u00e9dia e alta complexidade, essencialmente voltados para crian\u00e7as e adolescentes que se encontram com seus direitos violados e ou amea\u00e7ados.<\/p>\n\n\n\n<p>Atualmente, segundo dados da FIA, h\u00e1 no estado do Rio 626 crian\u00e7as e adolescentes desaparecidos.<br>O que fazer em caso de desaparecimento \u2013 O primeiro passo \u00e9 a procurar uma delegacia e fazer a ocorr\u00eancia imediatamente. N\u00e3o \u00e9 necess\u00e1rio esperar 24h para fazer esse registro, como determina a Lei Federal 11.259\/2005. De posse do documento, a fam\u00edlia deve comparecer ao SOS Crian\u00e7as Desaparecidas com a certid\u00e3o de nascimento ou carteira de identidade do desaparecido, a foto mais recente, documento de identifica\u00e7\u00e3o do respons\u00e1vel e comprovante de resid\u00eancia (aqui em Petr\u00f3polis, o contato pode ser feito com a COMAC \u2013 Rua Dr. S\u00e1 Earp, 88 \u2013 parte A). Depois deste cadastro, a FIA produz cartazes com a foto para distribui\u00e7\u00e3o nas imedia\u00e7\u00f5es de sua comunidade, al\u00e9m de acionar a rede de prote\u00e7\u00e3o, formada por Minist\u00e9rio P\u00fablico, Defensoria P\u00fablica, Delegacias de Pol\u00edcia, Disque-Crian\u00e7a ALERJ, Juizado da Inf\u00e2ncia e da Juventude, Rede Nacional de Identifica\u00e7\u00e3o e Localiza\u00e7\u00e3o de Crian\u00e7as e Adolescentes Desaparecidos (RedeSAP), os Conselhos Tutelares e os Conselhos de Direitos. Paralelamente, o SOS envia as fotos para a imprensa, inclusive em outros estados.<\/p>\n\n\n\n<p>COMAC de Petr\u00f3polis<br>Rua Doutor S\u00e1 Earp, 88 \u2013 parte A<br>25.625-073 Morin &#8211; Petr\u00f3polis\/RJ<br>Google Maps: <a href=\"https:\/\/goo.gl\/maps\/ZG3ea56WSR8jTXhLA\" target=\"_blank\" rel=\"noreferrer noopener\">https:\/\/goo.gl\/maps\/ZG3ea56WSR8jTXhLA<\/a><\/p>\n","protected":false},"excerpt":{"rendered":"<p>Semana de Mobiliza\u00e7\u00e3o Nacional para Busca e Defesa da Crian\u00e7a Desaparecida, acontece em todo o<\/p>\n","protected":false},"author":1,"featured_media":38948,"comment_status":"closed","ping_status":"open","sticky":false,"template":"","format":"standard","meta":{"spay_email":"","footnotes":"","jetpack_publicize_message":""},"categories":[2],"tags":[],"jetpack_featured_media_url":"https:\/\/i2.wp.com\/jornaldeitaipava.com.br\/wp-content\/uploads\/2024\/03\/sos-criancas-desaparecidas-2024-1.jpeg?fit=1600%2C1200&ssl=1","jetpack_publicize_connections":[],"jetpack_sharing_enabled":true,"jetpack_likes_enabled":true,"jetpack-related-posts":[],"_links":{"self":[{"href":"https:\/\/jornaldeitaipava.com.br\/index.php\/wp-json\/wp\/v2\/posts\/38947"}],"collection":[{"href":"https:\/\/jornaldeitaipava.com.br\/index.php\/wp-json\/wp\/v2\/posts"}],"about":[{"href":"https:\/\/jornaldeitaipava.com.br\/index.php\/wp-json\/wp\/v2\/types\/post"}],"author":[{"embeddable":true,"href":"https:\/\/jornaldeitaipava.com.br\/index.php\/wp-json\/wp\/v2\/users\/1"}],"replies":[{"embeddable":true,"href":"https:\/\/jornaldeitaipava.com.br\/index.php\/wp-json\/wp\/v2\/comments?post=38947"}],"version-history":[{"count":1,"href":"https:\/\/jornaldeitaipava.com.br\/index.php\/wp-json\/wp\/v2\/posts\/38947\/revisions"}],"predecessor-version":[{"id":38949,"href":"https:\/\/jornaldeitaipava.com.br\/index.php\/wp-json\/wp\/v2\/posts\/38947\/revisions\/38949"}],"wp:featuredmedia":[{"embeddable":true,"href":"https:\/\/jornaldeitaipava.com.br\/index.php\/wp-json\/wp\/v2\/media\/38948"}],"wp:attachment":[{"href":"https:\/\/jornaldeitaipava.com.br\/index.php\/wp-json\/wp\/v2\/media?parent=38947"}],"wp:term":[{"taxonomy":"category","embeddable":true,"href":"https:\/\/jornaldeitaipava.com.br\/index.php\/wp-json\/wp\/v2\/categories?post=38947"},{"taxonomy":"post_tag","embeddable":true,"href":"https:\/\/jornaldeitaipava.com.br\/index.php\/wp-json\/wp\/v2\/tags?post=38947"}],"curies":[{"name":"wp","href":"https:\/\/api.w.org\/{rel}","templated":true}]}}