{"id":38952,"date":"2024-03-26T13:40:41","date_gmt":"2024-03-26T16:40:41","guid":{"rendered":"http:\/\/jornaldeitaipava.com.br\/?p=38952"},"modified":"2024-03-26T13:40:45","modified_gmt":"2024-03-26T16:40:45","slug":"stf-derruba-carencia-para-autonoma-receber-salario-maternidade-do-inss","status":"publish","type":"post","link":"https:\/\/jornaldeitaipava.com.br\/index.php\/2024\/03\/26\/stf-derruba-carencia-para-autonoma-receber-salario-maternidade-do-inss\/","title":{"rendered":"STF derruba car\u00eancia para aut\u00f4noma receber sal\u00e1rio-maternidade do INSS"},"content":{"rendered":"\n<p class=\"has-text-align-center\"><strong>Agora, vale regra aplicada a trabalhadoras formais, cobertas pela CLT<\/strong><\/p>\n\n\n\n<p>O plen\u00e1rio do Supremo Tribunal Federal (STF) ampliou &#8211; por 6 votos a 5 &#8211; o direito de trabalhadoras aut\u00f4nomas, sem carteira assinada, de receber o sal\u00e1rio-maternidade do Instituto Nacional do Seguro Social (INSS), caso tenham contribu\u00eddo ao menos uma vez para a Previd\u00eancia Social.<br>Por maioria, os ministros julgaram inconstitucional a exig\u00eancia de 10 meses de contribui\u00e7\u00e3o para que as trabalhadoras que contribuem voluntariamente ao INSS &#8211; as chamadas contribuintes individuais &#8211; tenham direito a receber o sal\u00e1rio-maternidade.<br>A car\u00eancia de 10 meses era questionada no Supremo h\u00e1 25 anos. A regra foi criada junto com a inclus\u00e3o das trabalhadoras aut\u00f4nomas entre as benefici\u00e1rias do sal\u00e1rio-maternidade, na reforma da Previd\u00eancia de 1999. O tema foi julgado na mesma sess\u00e3o que derrubou a chamada revis\u00e3o da vida toda.<br>Com a derrubada da car\u00eancia, basta uma contribui\u00e7\u00e3o ao INSS para que a profissional aut\u00f4noma tenha direito a receber o sal\u00e1rio-maternidade em caso de parto ou ado\u00e7\u00e3o. Ou seja, passa a valer a mesma regra que \u00e9 aplicada para as trabalhadoras formais, cobertas pela Consolida\u00e7\u00e3o das Leis do Trabalho (CLT).<\/p>\n\n\n\n<p><strong>Seguradas especiais<br><\/strong>A decis\u00e3o do Supremo abrange tamb\u00e9m as seguradas especiais, como as trabalhadoras rurais, e as contribuintes facultativas, que n\u00e3o exercem atividade remunerada, mas contribuem ao INSS para ter acesso aos benef\u00edcios do Regime Geral da Previd\u00eancia Social (RGPS).<br>Prevaleceu, ao final, o entendimento do ministro Edson Fachin, do STF, para quem a exig\u00eancia de cumprimento de car\u00eancia apenas para algumas categorias de trabalhadoras violava o princ\u00edpio constitucional da isonomia. Ele foi acompanhado pelos ministros Luiz Fux, C\u00e1rmen L\u00facia, Fl\u00e1vio Dino, Dias Toffoli e Lu\u00eds Roberto Barroso.<br>Ficaram vencidos os ministros Nunes Marques, Alexandre de Moraes, Andr\u00e9 Mendon\u00e7a, Cristiano Zanin e Gilmar Mendes, que votaram pela validade da norma anterior.<\/p>\n\n\n\n<p>Da Ag\u00eancia Brasil<\/p>\n","protected":false},"excerpt":{"rendered":"<p>Agora, vale regra aplicada a trabalhadoras formais, cobertas pela CLT O plen\u00e1rio do Supremo Tribunal<\/p>\n","protected":false},"author":1,"featured_media":34685,"comment_status":"closed","ping_status":"open","sticky":false,"template":"","format":"standard","meta":{"spay_email":"","footnotes":"","jetpack_publicize_message":""},"categories":[9],"tags":[],"jetpack_featured_media_url":"https:\/\/i0.wp.com\/jornaldeitaipava.com.br\/wp-content\/uploads\/2023\/04\/STF.jpg?fit=1170%2C700&ssl=1","jetpack_publicize_connections":[],"jetpack_sharing_enabled":true,"jetpack_likes_enabled":true,"jetpack-related-posts":[],"_links":{"self":[{"href":"https:\/\/jornaldeitaipava.com.br\/index.php\/wp-json\/wp\/v2\/posts\/38952"}],"collection":[{"href":"https:\/\/jornaldeitaipava.com.br\/index.php\/wp-json\/wp\/v2\/posts"}],"about":[{"href":"https:\/\/jornaldeitaipava.com.br\/index.php\/wp-json\/wp\/v2\/types\/post"}],"author":[{"embeddable":true,"href":"https:\/\/jornaldeitaipava.com.br\/index.php\/wp-json\/wp\/v2\/users\/1"}],"replies":[{"embeddable":true,"href":"https:\/\/jornaldeitaipava.com.br\/index.php\/wp-json\/wp\/v2\/comments?post=38952"}],"version-history":[{"count":1,"href":"https:\/\/jornaldeitaipava.com.br\/index.php\/wp-json\/wp\/v2\/posts\/38952\/revisions"}],"predecessor-version":[{"id":38953,"href":"https:\/\/jornaldeitaipava.com.br\/index.php\/wp-json\/wp\/v2\/posts\/38952\/revisions\/38953"}],"wp:featuredmedia":[{"embeddable":true,"href":"https:\/\/jornaldeitaipava.com.br\/index.php\/wp-json\/wp\/v2\/media\/34685"}],"wp:attachment":[{"href":"https:\/\/jornaldeitaipava.com.br\/index.php\/wp-json\/wp\/v2\/media?parent=38952"}],"wp:term":[{"taxonomy":"category","embeddable":true,"href":"https:\/\/jornaldeitaipava.com.br\/index.php\/wp-json\/wp\/v2\/categories?post=38952"},{"taxonomy":"post_tag","embeddable":true,"href":"https:\/\/jornaldeitaipava.com.br\/index.php\/wp-json\/wp\/v2\/tags?post=38952"}],"curies":[{"name":"wp","href":"https:\/\/api.w.org\/{rel}","templated":true}]}}