{"id":38957,"date":"2024-03-27T13:12:18","date_gmt":"2024-03-27T16:12:18","guid":{"rendered":"http:\/\/jornaldeitaipava.com.br\/?p=38957"},"modified":"2024-03-27T13:12:24","modified_gmt":"2024-03-27T16:12:24","slug":"dom-joel-celebra-missa-do-crisma-na-manha-de-quinta-feira-na-catedral-de-petropolis","status":"publish","type":"post","link":"https:\/\/jornaldeitaipava.com.br\/index.php\/2024\/03\/27\/dom-joel-celebra-missa-do-crisma-na-manha-de-quinta-feira-na-catedral-de-petropolis\/","title":{"rendered":"Dom Joel celebra Missa do Crisma, na manh\u00e3 de quinta-feira, na Catedral de Petr\u00f3polis"},"content":{"rendered":"\n<p>Dom Joel Portella Amado, bispo da Diocese de Petr\u00f3polis, preside a missa do Crisma ou dos Santos \u00d3leos, \u00e0s 9h, na Catedral S\u00e3o Pedro de Alc\u00e2ntara, quando benze os \u00f3leos usados nos sacramentos do Batismo, Crisma e Un\u00e7\u00e3o dos Enfermos. Durante a missa, o clero diocesano reafirma o voto de obedi\u00eancia ao bispo, ato feito durante a ordena\u00e7\u00e3o sacerdotal.<br>A Missa do Crisma \u00e9 uma das celebra\u00e7\u00f5es que deve ser presidida pelo bispo diocesano e este foi um dos motivos que levou Dom Joel a desejar que sua posse fosse no dia 9 de mar\u00e7o, para que pudesse celebrar a P\u00e1scoa com a Diocese de Petr\u00f3polis. Com esta missa e a celebra\u00e7\u00e3o da noite, quando em todas as igrejas cat\u00f3licas \u00e9 lembrado o momento da institui\u00e7\u00e3o da Eucaristia e o momento que Jesus lavou os p\u00e9s dos Ap\u00f3stolos, \u00e9 aberto o Tr\u00edduo da Paix\u00e3o e Morte de Cristo.<br>Dom Joel comenta que a Semana Santa, iniciada com o Domingo de Ramos, seria importante que fosse vivida como um grande retiro e, no domingo, dia 24, durante sua homilia na Catedral de Petr\u00f3polis, sugeriu que os fi\u00e9is participassem da missa ao longo da semana ou lessem as leituras. De acordo com ele, somente acompanhando as leituras da semana santa \u00e9 poss\u00edvel compreender a mensagem de Jesus, que se entrega \u00e0 morte de cruz para salva\u00e7\u00e3o da humanidade.<br>Os \u00f3leos que s\u00e3o benzidos na missa s\u00e3o: \u00d3leo do Crisma &#8211; Uma mistura de \u00f3leo e b\u00e1lsamo, significando plenitude do Esp\u00edrito Santo, revelando que o crist\u00e3o deve irradiar &#8220;o bom perfume de Cristo&#8221;. \u00c9 usado no sacramento da Confirma\u00e7\u00e3o (Crisma) quando o crist\u00e3o \u00e9 confirmado na gra\u00e7a e no dom do Esp\u00edrito Santo, para viver como adulto na f\u00e9. Este \u00f3leo \u00e9 usado tamb\u00e9m no sacramento do sacerd\u00f3cio, para ungir os &#8220;escolhidos&#8221; que ir\u00e3o trabalhar no an\u00fancio da Palavra de Deus, conduzindo o povo e santificando-o no minist\u00e9rio dos sacramentos. A cor que representa esse \u00f3leo \u00e9 o branco ouro.<br>\u00d3leo dos Catec\u00famenos &#8211; Catec\u00famenos s\u00e3o os que se preparam para receber o Batismo, sejam adultos ou crian\u00e7as, antes do rito da \u00e1gua. Este \u00f3leo significa a liberta\u00e7\u00e3o do mal, a for\u00e7a de Deus que penetra no catec\u00fameno, o liberta e prepara para o nascimento pela \u00e1gua e pelo Esp\u00edrito. Sua cor \u00e9 vermelha.<br>\u00d3leo dos Enfermos &#8211; \u00c9 usado no sacramento dos enfermos, conhecido erroneamente como &#8220;extrema-un\u00e7\u00e3o&#8221;. Este \u00f3leo significa a for\u00e7a do Esp\u00edrito de Deus para a prova\u00e7\u00e3o da doen\u00e7a, para o fortalecimento da pessoa para enfrentar a dor e, inclusive a morte, se for vontade de Deus. Sua cor \u00e9 roxa.<\/p>\n","protected":false},"excerpt":{"rendered":"<p>Dom Joel Portella Amado, bispo da Diocese de Petr\u00f3polis, preside a missa do Crisma ou<\/p>\n","protected":false},"author":1,"featured_media":38114,"comment_status":"closed","ping_status":"open","sticky":false,"template":"","format":"standard","meta":{"spay_email":"","footnotes":"","jetpack_publicize_message":""},"categories":[2],"tags":[],"jetpack_featured_media_url":"https:\/\/i0.wp.com\/jornaldeitaipava.com.br\/wp-content\/uploads\/2024\/01\/DOM-JOEL.jpg?fit=600%2C400&ssl=1","jetpack_publicize_connections":[],"jetpack_sharing_enabled":true,"jetpack_likes_enabled":true,"jetpack-related-posts":[],"_links":{"self":[{"href":"https:\/\/jornaldeitaipava.com.br\/index.php\/wp-json\/wp\/v2\/posts\/38957"}],"collection":[{"href":"https:\/\/jornaldeitaipava.com.br\/index.php\/wp-json\/wp\/v2\/posts"}],"about":[{"href":"https:\/\/jornaldeitaipava.com.br\/index.php\/wp-json\/wp\/v2\/types\/post"}],"author":[{"embeddable":true,"href":"https:\/\/jornaldeitaipava.com.br\/index.php\/wp-json\/wp\/v2\/users\/1"}],"replies":[{"embeddable":true,"href":"https:\/\/jornaldeitaipava.com.br\/index.php\/wp-json\/wp\/v2\/comments?post=38957"}],"version-history":[{"count":1,"href":"https:\/\/jornaldeitaipava.com.br\/index.php\/wp-json\/wp\/v2\/posts\/38957\/revisions"}],"predecessor-version":[{"id":38958,"href":"https:\/\/jornaldeitaipava.com.br\/index.php\/wp-json\/wp\/v2\/posts\/38957\/revisions\/38958"}],"wp:featuredmedia":[{"embeddable":true,"href":"https:\/\/jornaldeitaipava.com.br\/index.php\/wp-json\/wp\/v2\/media\/38114"}],"wp:attachment":[{"href":"https:\/\/jornaldeitaipava.com.br\/index.php\/wp-json\/wp\/v2\/media?parent=38957"}],"wp:term":[{"taxonomy":"category","embeddable":true,"href":"https:\/\/jornaldeitaipava.com.br\/index.php\/wp-json\/wp\/v2\/categories?post=38957"},{"taxonomy":"post_tag","embeddable":true,"href":"https:\/\/jornaldeitaipava.com.br\/index.php\/wp-json\/wp\/v2\/tags?post=38957"}],"curies":[{"name":"wp","href":"https:\/\/api.w.org\/{rel}","templated":true}]}}