{"id":38959,"date":"2024-03-28T12:24:14","date_gmt":"2024-03-28T15:24:14","guid":{"rendered":"http:\/\/jornaldeitaipava.com.br\/?p=38959"},"modified":"2024-03-28T12:24:17","modified_gmt":"2024-03-28T15:24:17","slug":"petropolis-tera-segundo-dia-d-de-combate-a-dengue","status":"publish","type":"post","link":"https:\/\/jornaldeitaipava.com.br\/index.php\/2024\/03\/28\/petropolis-tera-segundo-dia-d-de-combate-a-dengue\/","title":{"rendered":"Petr\u00f3polis ter\u00e1 segundo Dia D de Combate \u00e0 Dengue"},"content":{"rendered":"\n<p>A Prefeitura est\u00e1 programando para o pr\u00f3ximo dia 06 de abril (s\u00e1bado) o segundo dia D de combate \u00e0 dengue. O objetivo \u00e9 conscientizar a popula\u00e7\u00e3o sobre a necessidade da participa\u00e7\u00e3o de todos para a elimina\u00e7\u00e3o do mosquito Aedes aegypti. As a\u00e7\u00f5es do dia de mobiliza\u00e7\u00e3o est\u00e3o sendo planejadas por meio do Comit\u00ea Municipal de Enfrentamento \u00e0s Arboviroses.<br>At\u00e9 a \u00faltima quarta-feira (27\/03), foram confirmados 1579 casos de dengue no munic\u00edpio e dois \u00f3bitos neste ano. Outros dois \u00f3bitos seguem em an\u00e1lise em Petr\u00f3polis. Em todo o Estado do Rio, mais de 164 mil casos j\u00e1 foram registrados.<br>Comit\u00ea Intersetorial de Enfrentamento \u00e0s Arboviroses foi institu\u00eddo pelo munic\u00edpio em novembro de 2023. O objetivo do comit\u00ea \u00e9 promover a\u00e7\u00f5es de mobiliza\u00e7\u00e3o conjuntas entre as secretarias de governo em prol da preven\u00e7\u00e3o e controle das doen\u00e7as.<br>\u201cNo dia 2 de mar\u00e7o, fizemos uma grande mobiliza\u00e7\u00e3o levando orienta\u00e7\u00e3o e tamb\u00e9m com vistorias em diferentes regi\u00f5es do munic\u00edpio. Estamos atuando de forma intersetorial para ampliar as a\u00e7\u00f5es de combate e elimina\u00e7\u00e3o dos criadouros, mas a popula\u00e7\u00e3o tamb\u00e9m precisa estar junta nesta luta\u201d, disse o prefeito Rubens Bomtempo.<br>O comit\u00ea, formado por representantes de diferentes secretarias de governo, vem se reunindo semanalmente para o acompanhamento e planejamento das a\u00e7\u00f5es.<br>\u201cComo a previs\u00e3o era de picos de aumento dos casos para os meses de mar\u00e7o e abril, estamos planejando mais uma edi\u00e7\u00e3o do dia de mobiliza\u00e7\u00e3o. Mas \u00e9 preciso que as pessoas se conscientizem que a participa\u00e7\u00e3o precisa ser semanal, tirando 10 minutos do seu dia para vistoriar sua casa, quintal e arredores, e eliminar os poss\u00edveis criadouros do mosquito. Somente eliminando o vetor poderemos acabar com a dengue\u201d, disse o secret\u00e1rio de Sa\u00fade, Marcus Curvelo.<\/p>\n\n\n\n<p><strong>Casos suspeitos<br><\/strong>Os pacientes com suspeita de dengue devem se dirigir \u00e0s unidades de emerg\u00eancia, como UPAS (Centro, Cascatinha e Itaipava), ou Pronto Socorro do Hospital Le\u00f4nidas Sampaio.<\/p>\n\n\n\n<p><strong>10 minutos semanais<br><\/strong>O ciclo de vida do Aedes aegypti, do ovo at\u00e9 a fase adulta, leva entre 7 e 10 dias. Se a elimina\u00e7\u00e3o dos criadouros acontecer uma vez por semana, o ciclo \u00e9 interrompido evitando o nascimento de novos mosquitos. Para isso:<\/p>\n\n\n\n<ul>\n<li>Mantenha as caixas de \u00e1gua, gal\u00f5es, po\u00e7os e outros dep\u00f3sitos de \u00e1gua bem fechados;<\/li>\n\n\n\n<li>Mantenha as calhas limpas, as garrafas vazias e baldes virados de cabe\u00e7a para baixo;<\/li>\n\n\n\n<li>Mantenha as bandejas do ar condicionado e da geladeira limpas e sem \u00e1gua;<\/li>\n\n\n\n<li>Piscinas sempre tratadas;<\/li>\n\n\n\n<li>Plantas que acumulam \u00e1gua, como as brom\u00e9lias, precisam ser secas;<\/li>\n\n\n\n<li>Coloque areia nos pratinhos das plantas;<\/li>\n\n\n\n<li>Elimine as po\u00e7as de \u00e1gua;<\/li>\n\n\n\n<li>O mosquito gosta de \u00e1gua parada e limpa! Fique atento.<\/li>\n<\/ul>\n","protected":false},"excerpt":{"rendered":"<p>A Prefeitura est\u00e1 programando para o pr\u00f3ximo dia 06 de abril (s\u00e1bado) o segundo dia<\/p>\n","protected":false},"author":1,"featured_media":38960,"comment_status":"closed","ping_status":"open","sticky":false,"template":"","format":"standard","meta":{"spay_email":"","footnotes":"","jetpack_publicize_message":""},"categories":[1],"tags":[],"jetpack_featured_media_url":"https:\/\/i2.wp.com\/jornaldeitaipava.com.br\/wp-content\/uploads\/2024\/03\/WhatsApp-Image-2024-03-28-at-11.28.00.jpeg?fit=1280%2C1280&ssl=1","jetpack_publicize_connections":[],"jetpack_sharing_enabled":true,"jetpack_likes_enabled":true,"jetpack-related-posts":[],"_links":{"self":[{"href":"https:\/\/jornaldeitaipava.com.br\/index.php\/wp-json\/wp\/v2\/posts\/38959"}],"collection":[{"href":"https:\/\/jornaldeitaipava.com.br\/index.php\/wp-json\/wp\/v2\/posts"}],"about":[{"href":"https:\/\/jornaldeitaipava.com.br\/index.php\/wp-json\/wp\/v2\/types\/post"}],"author":[{"embeddable":true,"href":"https:\/\/jornaldeitaipava.com.br\/index.php\/wp-json\/wp\/v2\/users\/1"}],"replies":[{"embeddable":true,"href":"https:\/\/jornaldeitaipava.com.br\/index.php\/wp-json\/wp\/v2\/comments?post=38959"}],"version-history":[{"count":1,"href":"https:\/\/jornaldeitaipava.com.br\/index.php\/wp-json\/wp\/v2\/posts\/38959\/revisions"}],"predecessor-version":[{"id":38961,"href":"https:\/\/jornaldeitaipava.com.br\/index.php\/wp-json\/wp\/v2\/posts\/38959\/revisions\/38961"}],"wp:featuredmedia":[{"embeddable":true,"href":"https:\/\/jornaldeitaipava.com.br\/index.php\/wp-json\/wp\/v2\/media\/38960"}],"wp:attachment":[{"href":"https:\/\/jornaldeitaipava.com.br\/index.php\/wp-json\/wp\/v2\/media?parent=38959"}],"wp:term":[{"taxonomy":"category","embeddable":true,"href":"https:\/\/jornaldeitaipava.com.br\/index.php\/wp-json\/wp\/v2\/categories?post=38959"},{"taxonomy":"post_tag","embeddable":true,"href":"https:\/\/jornaldeitaipava.com.br\/index.php\/wp-json\/wp\/v2\/tags?post=38959"}],"curies":[{"name":"wp","href":"https:\/\/api.w.org\/{rel}","templated":true}]}}