{"id":38962,"date":"2024-03-28T12:28:01","date_gmt":"2024-03-28T15:28:01","guid":{"rendered":"http:\/\/jornaldeitaipava.com.br\/?p=38962"},"modified":"2024-03-28T12:28:04","modified_gmt":"2024-03-28T15:28:04","slug":"prefeitura-publica-edital-de-licitacao-das-linhas-da-viacao-cascatinha","status":"publish","type":"post","link":"https:\/\/jornaldeitaipava.com.br\/index.php\/2024\/03\/28\/prefeitura-publica-edital-de-licitacao-das-linhas-da-viacao-cascatinha\/","title":{"rendered":"Prefeitura publica edital de licita\u00e7\u00e3o das linhas da Via\u00e7\u00e3o Cascatinha"},"content":{"rendered":"\n<p>Ap\u00f3s parecer do Tribunal de Contas do Estado (TCE) e do Tribunal de Justi\u00e7a do Estado do Rio de Janeiro (TJRJ), que apontam a nulidade das linhas operadas pela Via\u00e7\u00e3o Cascatinha, a Prefeitura de Petr\u00f3polis est\u00e1 publicando o edital de licita\u00e7\u00e3o das linhas da Via\u00e7\u00e3o Cascatinha. O documento vai estar dispon\u00edvel a partir desta quarta-feira (27), no Portal da Transpar\u00eancia da Prefeitura (petropolis.rj.gov.br) e no Portal Nacional de Compras P\u00fablicas (PNCP).<br>\u201c\u00c9 um momento hist\u00f3rico, um grande passo para resolver o problema das m\u00e1s condi\u00e7\u00f5es dos ve\u00edculos e m\u00e1 presta\u00e7\u00e3o do servi\u00e7o de transporte coletivo nessas regi\u00f5es atendidas pela Via\u00e7\u00e3o Cascatinha\u201d, disse o prefeito Rubens Bomtempo. A licita\u00e7\u00e3o vai abranger as linhas das regi\u00f5es Retiro, Carangola, Roseiral e Estrada da Saudade.<br>Ap\u00f3s o trabalho da Comiss\u00e3o de Licita\u00e7\u00e3o da CPTrans, entregamos o edital pronto para que possa ser publicado. Com a realiza\u00e7\u00e3o da licita\u00e7\u00e3o, vamos promover melhorias na qualidade do servi\u00e7o oferecido, com maior seguran\u00e7a para os passageiros e tamb\u00e9m para os rodovi\u00e1rios\u201d, afirmou o presidente da Companhia Petropolitana de Tr\u00e2nsito e Transportes (CPTrans), Thiago Damaceno.<br>O prazo da concess\u00e3o do servi\u00e7o p\u00fablico de transporte coletivo municipal de passageiros, das linhas licitadas, ser\u00e1 de no m\u00ednimo 20 anos, podendo ser prorrogado por igual per\u00edodo. O julgamento das propostas levar\u00e1 em considera\u00e7\u00e3o a maior oferta pela outorga da concess\u00e3o.<\/p>\n","protected":false},"excerpt":{"rendered":"<p>Ap\u00f3s parecer do Tribunal de Contas do Estado (TCE) e do Tribunal de Justi\u00e7a do<\/p>\n","protected":false},"author":1,"featured_media":27961,"comment_status":"closed","ping_status":"open","sticky":false,"template":"","format":"standard","meta":{"spay_email":"","footnotes":"","jetpack_publicize_message":""},"categories":[24],"tags":[],"jetpack_featured_media_url":"https:\/\/i1.wp.com\/jornaldeitaipava.com.br\/wp-content\/uploads\/2022\/05\/CASCATA.jpg?fit=1280%2C853&ssl=1","jetpack_publicize_connections":[],"jetpack_sharing_enabled":true,"jetpack_likes_enabled":true,"jetpack-related-posts":[],"_links":{"self":[{"href":"https:\/\/jornaldeitaipava.com.br\/index.php\/wp-json\/wp\/v2\/posts\/38962"}],"collection":[{"href":"https:\/\/jornaldeitaipava.com.br\/index.php\/wp-json\/wp\/v2\/posts"}],"about":[{"href":"https:\/\/jornaldeitaipava.com.br\/index.php\/wp-json\/wp\/v2\/types\/post"}],"author":[{"embeddable":true,"href":"https:\/\/jornaldeitaipava.com.br\/index.php\/wp-json\/wp\/v2\/users\/1"}],"replies":[{"embeddable":true,"href":"https:\/\/jornaldeitaipava.com.br\/index.php\/wp-json\/wp\/v2\/comments?post=38962"}],"version-history":[{"count":1,"href":"https:\/\/jornaldeitaipava.com.br\/index.php\/wp-json\/wp\/v2\/posts\/38962\/revisions"}],"predecessor-version":[{"id":38963,"href":"https:\/\/jornaldeitaipava.com.br\/index.php\/wp-json\/wp\/v2\/posts\/38962\/revisions\/38963"}],"wp:featuredmedia":[{"embeddable":true,"href":"https:\/\/jornaldeitaipava.com.br\/index.php\/wp-json\/wp\/v2\/media\/27961"}],"wp:attachment":[{"href":"https:\/\/jornaldeitaipava.com.br\/index.php\/wp-json\/wp\/v2\/media?parent=38962"}],"wp:term":[{"taxonomy":"category","embeddable":true,"href":"https:\/\/jornaldeitaipava.com.br\/index.php\/wp-json\/wp\/v2\/categories?post=38962"},{"taxonomy":"post_tag","embeddable":true,"href":"https:\/\/jornaldeitaipava.com.br\/index.php\/wp-json\/wp\/v2\/tags?post=38962"}],"curies":[{"name":"wp","href":"https:\/\/api.w.org\/{rel}","templated":true}]}}