{"id":38972,"date":"2024-03-28T12:38:30","date_gmt":"2024-03-28T15:38:30","guid":{"rendered":"http:\/\/jornaldeitaipava.com.br\/?p=38972"},"modified":"2024-03-28T12:38:32","modified_gmt":"2024-03-28T15:38:32","slug":"unifase-tem-inscricoes-abertas-para-quatro-cursos-de-extensao","status":"publish","type":"post","link":"https:\/\/jornaldeitaipava.com.br\/index.php\/2024\/03\/28\/unifase-tem-inscricoes-abertas-para-quatro-cursos-de-extensao\/","title":{"rendered":"UNIFASE tem inscri\u00e7\u00f5es abertas para quatro cursos de extens\u00e3o"},"content":{"rendered":"\n<p>Com o objetivo de capacitar profissionais para o mercado de trabalho, o Centro Universit\u00e1rio Arthur S\u00e1 Earp Neto (UNIFASE) est\u00e1 com inscri\u00e7\u00f5es abertas para quatro cursos de extens\u00e3o. H\u00e1 vagas para os cursos de Intelig\u00eancia Artificial para Empres\u00e1rios: o mundo da tecnologia em suas m\u00e3os; Cuidados Paliativos: a ampla abordagem interdisciplinar na sa\u00fade sob a luz da bio\u00e9tica; Fundamentos T\u00e9cnicos da Psican\u00e1lise Freudiana; e Introdu\u00e7\u00e3o \u00e0 Fisiologia do Exerc\u00edcio. Todos ter\u00e3o in\u00edcio em abril. Outras informa\u00e7\u00f5es e as inscri\u00e7\u00f5es est\u00e3o dispon\u00edveis no site: www.unifase-rj.edu.br.<br>O curso Intelig\u00eancia Artificial para empres\u00e1rios: o mundo da tecnologia em suas m\u00e3os ser\u00e1 ministrado pela professora Marcilene Scantamburlo, Mestre em Ci\u00eancia da Computa\u00e7\u00e3o e gerente de projetos de inova\u00e7\u00e3o. Com mais de 20 anos na \u00e1rea de tecnologia, ela \u00e9 respons\u00e1vel por diversos projetos e startups que foram premiados e reconhecidos nacional e internacionalmente. As inscri\u00e7\u00f5es podem ser feitas at\u00e9 o dia 6 de abril.<br>J\u00e1 o curso Cuidados Paliativos \u2013 a ampla abordagem interdisciplinar na sa\u00fade sob a luz da bio\u00e9tica, tem inscri\u00e7\u00f5es abertas at\u00e9 o dia 11 de abril. A proposta \u00e9 desenvolver os olhares necess\u00e1rios para a abordagem adequada de Cuidados Paliativos, atrav\u00e9s da escuta ativa, pr\u00e1tica de comunica\u00e7\u00e3o efetiva, com a observa\u00e7\u00e3o dos aspectos interdisciplinares diante das demandas dos sofrimentos f\u00edsicos, psicossociais e espirituais diante do adoecimento. O curso \u00e9 coordenado pela m\u00e9dica Luciana Ramalho, especialista em Cuidados Paliativos pelo Instituto Israelita Albert Einstein de Ensino e Pesquisa.<br>Coordenado pelo psicanalista Jeferson Jos\u00e9 Moebus Retondar, o curso Fundamentos T\u00e9cnicos da Psican\u00e1lise Freudiana vai apresentar os textos cl\u00e1ssicos freudianos relacionados \u00e0 t\u00e9cnica da interven\u00e7\u00e3o do analista no processo de an\u00e1lise. As inscri\u00e7\u00f5es devem ser feitas at\u00e9 o dia 17 de abril.<br>O curso de Introdu\u00e7\u00e3o \u00e0 Fisiologia do Exerc\u00edcio, com inscri\u00e7\u00f5es abertas at\u00e9 25 de abril, \u00e9 um curso de extens\u00e3o que aborda as altera\u00e7\u00f5es do metabolismo face ao exerc\u00edcio f\u00edsico, explicando aos participantes as bases nutricionais bioqu\u00edmicas de suporte ao exerc\u00edcio f\u00edsico, as trocas energ\u00e9ticas e suas mensura\u00e7\u00f5es, al\u00e9m de destacar a epidemiologia e os benef\u00edcios da interven\u00e7\u00e3o da atividade f\u00edsica na sa\u00fade e na doen\u00e7a. O curso \u00e9 coordenado pelo m\u00e9dico Bruno Vogas.<br>Todos os cursos da UNIFASE garantem certificado, o que destaca ainda mais os participantes durante processos seletivos no mercado de trabalho. \u201cA participa\u00e7\u00e3o em cursos de extens\u00e3o n\u00e3o apenas agrega valor ao curr\u00edculo, mas tamb\u00e9m proporciona uma experi\u00eancia de aprendizado enriquecedora, com oportunidades de networking e troca de experi\u00eancias com profissionais de diferentes \u00e1reas&#8221;, frisa o coordenador de Projetos e Extens\u00e3o da UNIFASE, Ricardo Tammela.<\/p>\n","protected":false},"excerpt":{"rendered":"<p>Com o objetivo de capacitar profissionais para o mercado de trabalho, o Centro Universit\u00e1rio Arthur<\/p>\n","protected":false},"author":1,"featured_media":38973,"comment_status":"closed","ping_status":"open","sticky":false,"template":"","format":"standard","meta":{"spay_email":"","footnotes":"","jetpack_publicize_message":""},"categories":[9],"tags":[],"jetpack_featured_media_url":"https:\/\/i0.wp.com\/jornaldeitaipava.com.br\/wp-content\/uploads\/2024\/03\/WhatsApp-Image-2024-03-26-at-19.11.39.jpeg?fit=1600%2C1087&ssl=1","jetpack_publicize_connections":[],"jetpack_sharing_enabled":true,"jetpack_likes_enabled":true,"jetpack-related-posts":[],"_links":{"self":[{"href":"https:\/\/jornaldeitaipava.com.br\/index.php\/wp-json\/wp\/v2\/posts\/38972"}],"collection":[{"href":"https:\/\/jornaldeitaipava.com.br\/index.php\/wp-json\/wp\/v2\/posts"}],"about":[{"href":"https:\/\/jornaldeitaipava.com.br\/index.php\/wp-json\/wp\/v2\/types\/post"}],"author":[{"embeddable":true,"href":"https:\/\/jornaldeitaipava.com.br\/index.php\/wp-json\/wp\/v2\/users\/1"}],"replies":[{"embeddable":true,"href":"https:\/\/jornaldeitaipava.com.br\/index.php\/wp-json\/wp\/v2\/comments?post=38972"}],"version-history":[{"count":1,"href":"https:\/\/jornaldeitaipava.com.br\/index.php\/wp-json\/wp\/v2\/posts\/38972\/revisions"}],"predecessor-version":[{"id":38974,"href":"https:\/\/jornaldeitaipava.com.br\/index.php\/wp-json\/wp\/v2\/posts\/38972\/revisions\/38974"}],"wp:featuredmedia":[{"embeddable":true,"href":"https:\/\/jornaldeitaipava.com.br\/index.php\/wp-json\/wp\/v2\/media\/38973"}],"wp:attachment":[{"href":"https:\/\/jornaldeitaipava.com.br\/index.php\/wp-json\/wp\/v2\/media?parent=38972"}],"wp:term":[{"taxonomy":"category","embeddable":true,"href":"https:\/\/jornaldeitaipava.com.br\/index.php\/wp-json\/wp\/v2\/categories?post=38972"},{"taxonomy":"post_tag","embeddable":true,"href":"https:\/\/jornaldeitaipava.com.br\/index.php\/wp-json\/wp\/v2\/tags?post=38972"}],"curies":[{"name":"wp","href":"https:\/\/api.w.org\/{rel}","templated":true}]}}