{"id":38978,"date":"2024-03-28T13:08:33","date_gmt":"2024-03-28T16:08:33","guid":{"rendered":"http:\/\/jornaldeitaipava.com.br\/?p=38978"},"modified":"2024-03-28T13:19:45","modified_gmt":"2024-03-28T16:19:45","slug":"festival-reune-cervejas-artesanais-shows-e-gastronomia-em-miguel-pereira","status":"publish","type":"post","link":"https:\/\/jornaldeitaipava.com.br\/index.php\/2024\/03\/28\/festival-reune-cervejas-artesanais-shows-e-gastronomia-em-miguel-pereira\/","title":{"rendered":"Festival re\u00fane cervejas artesanais, shows e gastronomia em Miguel Pereira"},"content":{"rendered":"\n<p>O munic\u00edpio de Miguel Pereira est\u00e1 recebendo o &#8220;Festival Serra Beer&#8221;, evento de cerveja artesanal que vai at\u00e9 o pr\u00f3ximo domingo, na Esta\u00e7\u00e3o Governador Portela.<br>Com a presen\u00e7a de mais de 100 r\u00f3tulos, o festival \u00e9 uma oportunidade de amplia\u00e7\u00e3o do conhecimento sobre as cervejas artesanais produzidas na regi\u00e3o Centro Sul do estado do Rio de Janeiro e cidades do entorno.<br>A entrada \u00e9 gratuita, com classifica\u00e7\u00e3o de 18 anos. Menores at\u00e9 podem participar, desde que acompanhados pelos respons\u00e1veis.<br>O evento oferece ainda espa\u00e7o kids, gastronomia com food trucks e muita m\u00fasica. Confira a programa\u00e7\u00e3o:<\/p>\n\n\n\n<p><strong>Sexta-feira (29)<br><\/strong>11h \u2014 Reabertura das torneiras<br>14h30 \u2014 Banda Discotools<br>18h30 \u2014 Banda Os Capit\u00e3es de Areia<br>22h30 \u2014 Kaio Pinheiro e Trio<br>1h \u2014 Fechamento tempor\u00e1rio das torneiras<br>DJ Rico nos intervalos<\/p>\n\n\n\n<p><strong>S\u00e1bado (30)<br><\/strong>11h \u2014 Reabertura das torneiras<br>14h30 \u2014 Banda Classika<br>17h \u2014 Largada da Corrida Cervejeira<br>18h \u2014 Chegada da Corrida Cervejeira<br>18h30 \u2014 Banda Capit\u00e3o Coruja<br>22h30 \u2014 Banda Overture<br>1h \u2014 Fechamento tempor\u00e1rio das torneiras<br>DJ Rico nos intervalos<\/p>\n\n\n\n<p><strong>Domingo (31)<br><\/strong>11h \u2014 Reabertura das torneiras<br>14h30 \u2014 Banda Underdog<br>18h30 \u2014 Banda Roda de Blues<br>21h \u2014 Fechamento das torneiras<br>DJ Rico nos intervalos<\/p>\n","protected":false},"excerpt":{"rendered":"<p>O munic\u00edpio de Miguel Pereira est\u00e1 recebendo o &#8220;Festival Serra Beer&#8221;, evento de cerveja artesanal<\/p>\n","protected":false},"author":1,"featured_media":38979,"comment_status":"closed","ping_status":"open","sticky":false,"template":"","format":"standard","meta":{"spay_email":"","footnotes":"","jetpack_publicize_message":""},"categories":[42],"tags":[],"jetpack_featured_media_url":"https:\/\/i2.wp.com\/jornaldeitaipava.com.br\/wp-content\/uploads\/2024\/03\/Miguel-pereira.jpg?fit=800%2C533&ssl=1","jetpack_publicize_connections":[],"jetpack_sharing_enabled":true,"jetpack_likes_enabled":true,"jetpack-related-posts":[],"_links":{"self":[{"href":"https:\/\/jornaldeitaipava.com.br\/index.php\/wp-json\/wp\/v2\/posts\/38978"}],"collection":[{"href":"https:\/\/jornaldeitaipava.com.br\/index.php\/wp-json\/wp\/v2\/posts"}],"about":[{"href":"https:\/\/jornaldeitaipava.com.br\/index.php\/wp-json\/wp\/v2\/types\/post"}],"author":[{"embeddable":true,"href":"https:\/\/jornaldeitaipava.com.br\/index.php\/wp-json\/wp\/v2\/users\/1"}],"replies":[{"embeddable":true,"href":"https:\/\/jornaldeitaipava.com.br\/index.php\/wp-json\/wp\/v2\/comments?post=38978"}],"version-history":[{"count":1,"href":"https:\/\/jornaldeitaipava.com.br\/index.php\/wp-json\/wp\/v2\/posts\/38978\/revisions"}],"predecessor-version":[{"id":38980,"href":"https:\/\/jornaldeitaipava.com.br\/index.php\/wp-json\/wp\/v2\/posts\/38978\/revisions\/38980"}],"wp:featuredmedia":[{"embeddable":true,"href":"https:\/\/jornaldeitaipava.com.br\/index.php\/wp-json\/wp\/v2\/media\/38979"}],"wp:attachment":[{"href":"https:\/\/jornaldeitaipava.com.br\/index.php\/wp-json\/wp\/v2\/media?parent=38978"}],"wp:term":[{"taxonomy":"category","embeddable":true,"href":"https:\/\/jornaldeitaipava.com.br\/index.php\/wp-json\/wp\/v2\/categories?post=38978"},{"taxonomy":"post_tag","embeddable":true,"href":"https:\/\/jornaldeitaipava.com.br\/index.php\/wp-json\/wp\/v2\/tags?post=38978"}],"curies":[{"name":"wp","href":"https:\/\/api.w.org\/{rel}","templated":true}]}}