{"id":38981,"date":"2024-03-28T13:09:58","date_gmt":"2024-03-28T16:09:58","guid":{"rendered":"http:\/\/jornaldeitaipava.com.br\/?p=38981"},"modified":"2024-03-28T13:16:30","modified_gmt":"2024-03-28T16:16:30","slug":"nota-feirinha-de-itaipava-tem-funcionamento-normal-neste-feriado","status":"publish","type":"post","link":"https:\/\/jornaldeitaipava.com.br\/index.php\/2024\/03\/28\/nota-feirinha-de-itaipava-tem-funcionamento-normal-neste-feriado\/","title":{"rendered":"Feirinha de Itaipava tem funcionamento normal neste feriado"},"content":{"rendered":"\n<p>A Feirinha de Itaipava estar\u00e1 aberta para receber os visitantes neste feriado prolongado. O polo de moda funcionar\u00e1 de quinta-feira (28) a domingo (P\u00e1scoa), das 10h \u00e0s 19h.<br>Os consumidores podem aproveitar as liquida\u00e7\u00f5es de ver\u00e3o em v\u00e1rias lojas, com descontos de at\u00e9 60%.<br>A Feirinha apresenta uma ampla variedade de produtos, totalizando quase 400 estandes. Os visitantes encontram desde moda feminina, masculina e infantil at\u00e9 moda pet, decora\u00e7\u00e3o, artesanato, roupas \u00edntimas, acess\u00f3rios e muito mais. Mais informa\u00e7\u00f5es podem ser obtidas no Instagram oficial do polo de moda (@feirinha_itaipava).<\/p>\n","protected":false},"excerpt":{"rendered":"<p>A Feirinha de Itaipava estar\u00e1 aberta para receber os visitantes neste feriado prolongado. O polo<\/p>\n","protected":false},"author":1,"featured_media":8442,"comment_status":"closed","ping_status":"open","sticky":false,"template":"","format":"standard","meta":{"spay_email":"","footnotes":"","jetpack_publicize_message":""},"categories":[2],"tags":[],"jetpack_featured_media_url":"https:\/\/i1.wp.com\/jornaldeitaipava.com.br\/wp-content\/uploads\/2021\/01\/FEIRINHA.jpg?fit=518%2C302&ssl=1","jetpack_publicize_connections":[],"jetpack_sharing_enabled":true,"jetpack_likes_enabled":true,"jetpack-related-posts":[],"_links":{"self":[{"href":"https:\/\/jornaldeitaipava.com.br\/index.php\/wp-json\/wp\/v2\/posts\/38981"}],"collection":[{"href":"https:\/\/jornaldeitaipava.com.br\/index.php\/wp-json\/wp\/v2\/posts"}],"about":[{"href":"https:\/\/jornaldeitaipava.com.br\/index.php\/wp-json\/wp\/v2\/types\/post"}],"author":[{"embeddable":true,"href":"https:\/\/jornaldeitaipava.com.br\/index.php\/wp-json\/wp\/v2\/users\/1"}],"replies":[{"embeddable":true,"href":"https:\/\/jornaldeitaipava.com.br\/index.php\/wp-json\/wp\/v2\/comments?post=38981"}],"version-history":[{"count":2,"href":"https:\/\/jornaldeitaipava.com.br\/index.php\/wp-json\/wp\/v2\/posts\/38981\/revisions"}],"predecessor-version":[{"id":38990,"href":"https:\/\/jornaldeitaipava.com.br\/index.php\/wp-json\/wp\/v2\/posts\/38981\/revisions\/38990"}],"wp:featuredmedia":[{"embeddable":true,"href":"https:\/\/jornaldeitaipava.com.br\/index.php\/wp-json\/wp\/v2\/media\/8442"}],"wp:attachment":[{"href":"https:\/\/jornaldeitaipava.com.br\/index.php\/wp-json\/wp\/v2\/media?parent=38981"}],"wp:term":[{"taxonomy":"category","embeddable":true,"href":"https:\/\/jornaldeitaipava.com.br\/index.php\/wp-json\/wp\/v2\/categories?post=38981"},{"taxonomy":"post_tag","embeddable":true,"href":"https:\/\/jornaldeitaipava.com.br\/index.php\/wp-json\/wp\/v2\/tags?post=38981"}],"curies":[{"name":"wp","href":"https:\/\/api.w.org\/{rel}","templated":true}]}}