{"id":38991,"date":"2024-03-28T13:43:51","date_gmt":"2024-03-28T16:43:51","guid":{"rendered":"http:\/\/jornaldeitaipava.com.br\/?p=38991"},"modified":"2024-03-28T13:43:54","modified_gmt":"2024-03-28T16:43:54","slug":"godzilla-e-kong-o-novo-imperio-dois-e-demais-em-orlando-e-uma-prova-de-coragem-chegam-as-telonas-do-cinemaxx-mercado-estacao","status":"publish","type":"post","link":"https:\/\/jornaldeitaipava.com.br\/index.php\/2024\/03\/28\/godzilla-e-kong-o-novo-imperio-dois-e-demais-em-orlando-e-uma-prova-de-coragem-chegam-as-telonas-do-cinemaxx-mercado-estacao\/","title":{"rendered":"\u201cGODZILLA E KONG \u2013 O NOVO IMP\u00c9RIO\u201d, \u201cDOIS \u00c9 DEMAIS EM ORLANDO\u201d E \u201cUMA PROVA DE CORAGEM\u201d CHEGAM AS TELONAS DO CINEMAXX MERCADO ESTA\u00c7\u00c3O"},"content":{"rendered":"\n<p>A estreia da semana \u00e9 \u201cGodzilla e Kong \u2013 O Novo Imp\u00e9rio\u201d, com classifica\u00e7\u00e3o indicativa de 12 anos este \u00e9 um novo cap\u00edtulo no chamado MonsterVerse, onde depois de terem se encontrado como inimigos em Godzila vs Kong, o poderoso Kong e o tem\u00edvel Godzilla se unem contra uma colossal amea\u00e7a mortal escondida no mundo dos humanos, que al\u00e9m de amea\u00e7ar sua pr\u00f3pria exist\u00eancia tamb\u00e9m amea\u00e7a nossa esp\u00e9cie.<br>Mergulhando profundamente nos mist\u00e9rios da Ilha da Caveira e nas origens da Terra Oca, o filme ir\u00e1 explorar a antiga batalha de Tit\u00e3s que ajudou a forjar esses seres extraordin\u00e1rios e os ligou \u00e0 humanidade para sempre. Dirigido novamente por Adam Wingard, a trama tamb\u00e9m trar\u00e1 de volta personagens conhecidos, al\u00e9m de introduzir um novo protagonista, interpretado por Dan Stevens.<br>A segunda estreia \u00e9 \u201cDois \u00e9 demais em Orlando\u201d. No longa de classifica\u00e7\u00e3o livre Jo\u00e3o \u00e9 apaixonado por quadrinhos e super-her\u00f3is. Agora adulto, ele conseguir\u00e1 realizar seu desejo de inf\u00e2ncia: ir para um dos parques tem\u00e1ticas mais legais do mundo, Universal, em Orlando.<br>Contudo, para fazer um favor a sua chefe, ele levar\u00e1 o filho dela de dez anos junto no voo para entreg\u00e1-lo ao pai que est\u00e1 nos EUA. Por\u00e9m, o menino \u00e9 um mimado que se comporta como um executivo de meia idade. Como o pai n\u00e3o aparece para busc\u00e1-lo, Jo\u00e3o ter\u00e1 que bancar o baby-sitter e aprender a conviver com as diferen\u00e7as para salvar seu emprego e de quebra superar seu grande trauma de inf\u00e2ncia: a montanha-russa.<br>Tamb\u00e9m chega as telonas \u201cUma prova de coragem\u201d um filme norte-americano de drama e aventura dirigido por Simon Cellan Jones e estrelado por Mark Wahlberg, Nathalie Emmanuel e Simu Liu.<br>A produ\u00e7\u00e3o \u00e9 baseada na hist\u00f3ria real de Mikael Lindnord (Wahlberg), um corredor de aventura que, em 2014, durante o percurso de uma das competi\u00e7\u00f5es, encontrou um cachorro de rua e decidiu adot\u00e1-lo naquela que se tornaria sua corrida mais \u00e9pica de todas.<br>Ao longo de dez dias e 435 milhas, um v\u00ednculo inquebr\u00e1vel \u00e9 constru\u00eddo entre o corredor e c\u00e3o chamado Arthur, resignificam os sentidos de vit\u00f3ria, lealdade e amizade.<br>Veja a programa\u00e7\u00e3o completa das salas:<\/p>\n\n\n\n<p class=\"has-text-align-center\">Rua Paulo Barbosa, 310 \/ 1\u00ba piso<br>Centro \u2013 Petr\u00f3polis\/RJ<br><a href=\"http:\/\/www.cinemaxx.com.br\">www.cinemaxx.com.br<\/a><\/p>\n\n\n\n<p>SALA 1<br><strong>KUNG FU PANDA 4<br><\/strong>Anima\u00e7\u00e3o, aventura, fam\u00edlia, com\u00e9dia, artes marciais \u2013 2a semana<br>Classifica\u00e7\u00e3o: livre<br>Hor\u00e1rio: 2D \u2013 Dublado \u2013 15h e 17h30<br>2\u00aa feira \u2013 dia 01 \u2013 n\u00e3o haver\u00e1 sess\u00e3o<br>SINOPSE: Depois de tr\u00eas aventuras arriscando sua pr\u00f3pria vida para derrotar os mais poderosos vil\u00f5es, Po, o Grande Drag\u00e3o Guerreiro( Jack Black) \u00e9 escolhido para se tornar o L\u00edder Espiritual do Vale da Paz. A escolha em si j\u00e1 problem\u00e1tica ao colocar o mestre de kung fu mais improv\u00e1vel do mundo em um cargo como esse e al\u00e9m disso, ele precisa encontrar e treinar um novo Drag\u00e3o Guerreiro antes de assumir a honrada posi\u00e7\u00e3o e a pessoa certa parece ser Zhen (Awkwafina) uma raposa com muitas habilidades, mas que n\u00e3o gosta muito da ideia de ser treinada. Como se os desafios j\u00e1 n\u00e3o fossem o bastante, a Camaleoa (Viola Davis), uma feiticeira perversa, tenta trazer de volta todos os vil\u00f5es derrotados por Po do reino espiritual. Saiba mais acessando: www.universalpictures.com.br<\/p>\n\n\n\n<p>SALA 1<br><strong>ALICE NO PA\u00cdS DAS TREVAS<br><\/strong>Terror \u2013 2a semana<br>Classifica\u00e7\u00e3o: 14 anos<br>Hor\u00e1rio: 2D \u2013 Dublado \u2013 20h<br>2\u00aa feira \u2013 dia 01 \u2013 n\u00e3o haver\u00e1 sess\u00e3o<br>SINOPSE: Em Alice no Pa\u00eds das Trevas, Alice (Lizzy Willis) \u00e9 uma jovem garota que acabou de perder os pais e \u00e9 obrigada a morar com a sua tia idosa, Beth (Rula Lenska), em um palacete da sua fam\u00edlia, chamado Wonderland. Por\u00e9m, desde que Alice se mudou para l\u00e1, eventos cada vez mais estranhos e misteriosos aconteceram ao seu redor, enquanto a garota vai descobrindo que ela e sua tia n\u00e3o s\u00e3o as \u00fanicas que vivem por ali e o seu terror est\u00e1 apenas come\u00e7ando\u2026 Saiba mais acessando: www.a2filmes.com.br<\/p>\n\n\n\n<p>SALA 2<br><strong>GODZILLA e KONG \u2013 O NOVO IMP\u00c9RIO<br><\/strong>Aventura \u2013 estr\u00e9ia<br>Classifica\u00e7\u00e3o: 12 anos<br>Hor\u00e1rio: 2D \u2013 dublado \u2013 15h30, 18h e 20h30<br>2\u00aa feira \u2013 dia 01 \u2013 n\u00e3o haver\u00e1 sess\u00e3o<br>SINOPSE: Em Godzilla e Kong: O Novo Imp\u00e9rio, \u00e9 um novo cap\u00edtulo no chamado MonsterVerse, onde depois de terem se encontrado como inimigos em Godzila vs Kong, o poderoso Kong e o tem\u00edvel Godzilla se unem contra uma colossal amea\u00e7a mortal escondida no mundo dos humanos, que al\u00e9m de amea\u00e7ar sua pr\u00f3pria exist\u00eancia tamb\u00e9m amea\u00e7a nossa esp\u00e9cie. Mergulhando profundamente nos mist\u00e9rios da Ilha da Caveira e nas origens da Terra Oca, o filme ir\u00e1 explorar a antiga batalha de Tit\u00e3s que ajudou a forjar esses seres extraordin\u00e1rios e os ligou \u00e0 humanidade para sempre. Dirigido novamente por Adam Wingard, a trama tamb\u00e9m trar\u00e1 de volta personagens conhecidos, al\u00e9m de introduzir um novo protagonista, interpretado por Dan Stevens.. Saiba mais acessando: www.warnerbros.com.br<\/p>\n\n\n\n<p>SALA 3<br><strong>DOIS \u00c9 DEMAIS EM ORLANDO<br><\/strong>Com\u00e9dia, fam\u00edlia \u2013 estr\u00e9ia<br>Classifica\u00e7\u00e3o: livre<br>Hor\u00e1rio: 2D \u2013 Dublado \u2013 15h15<br>2\u00aa feira \u2013 dia 01 \u2013 n\u00e3o haver\u00e1 sess\u00e3o<br>SINOPSE: Jo\u00e3o \u00e9 apaixonado por quadrinhos e super-her\u00f3is. Agora adulto, ele conseguir\u00e1 realizar seu desejo de inf\u00e2ncia: ir para um dos parques tem\u00e1ticas mais legais do mundo, Universal, em Orlando. Contudo, para fazer um favor a sua chefe, ele levar\u00e1 o filho dela de dez anos junto no voo para entreg\u00e1-lo ao pai que est\u00e1 nos EUA. Por\u00e9m, o menino \u00e9 um mimado que se comporta como um executivo de meia idade. Como o pai n\u00e3o aparece para busc\u00e1-lo, Jo\u00e3o ter\u00e1 que bancar o baby-sitter e aprender a conviver com as diferen\u00e7as para salvar seu emprego e de quebra superar seu grande trauma de inf\u00e2ncia: a montanha-russa.. Saiba mais acessando: www.h2ofilmes.com.br<\/p>\n\n\n\n<p>SALA 3<br><strong>UMA PROVA DE CORAGEM<br><\/strong>Aventura, fam\u00edlia \u2013 pr\u00e9-estr\u00e9ia<br>Classifica\u00e7\u00e3o: 12 anos<br>Hor\u00e1rio: 2D \u2013 Dublado \u2013 17h45<br>2\u00aa feira \u2013 dia 01 \u2013 n\u00e3o haver\u00e1 sess\u00e3o<br>SINOPSE: Uma Prova de Coragem \u00e9 um filme norte-americano de drama e aventura dirigido por Simon Cellan Jones e estrelado por Mark Wahlberg, Nathalie Emmanuel e Simu Liu. A produ\u00e7\u00e3o \u00e9 baseada na hist\u00f3ria real de Mikael Lindnord (Wahlberg), um corredor de aventura que, em 2014, durante o percurso de uma das competi\u00e7\u00f5es, encontrou um cachorro de rua e decidiu adot\u00e1-lo naquela que se tornaria sua corrida mais \u00e9pica de todas. Ao longo de dez dias e 435 milhas, um v\u00ednculo inquebr\u00e1vel \u00e9 constru\u00eddo entre o corredor e c\u00e3o chamado Arthur, resignificam os sentidos de vit\u00f3ria, lealdade e amizade.. Saiba mais acessando: www.diamondfilms.com.br<\/p>\n\n\n\n<p>SALA 3<br><strong>FAROFEIROS 2<br><\/strong>Com\u00e9dia \u2013 4a semana<br>Classifica\u00e7\u00e3o: 12 anos<br>Hor\u00e1rio: 2D \u2013 Dublado \u2013 20h15<br>2\u00aa feira \u2013 dia 01 \u2013 n\u00e3o haver\u00e1 sess\u00e3o<br>SINOPSE: Em Os Farofeiros 2, acompanhamos um novo cap\u00edtulo da hist\u00f3ria dos amigos Alexandre (Ant\u00f4nio Fragoso), Lima (Maur\u00edcio Manfrini), Rocha (Charles Paraventi) e Diguinho (Nilton Bicudo). Quando Alexandre \u00e9 reconhecido como o melhor gerente de vendas na empresa em que trabalha, ele ganha como recompensa por seus esfor\u00e7os uma viagem para a Bahia com toda a fam\u00edlia. Por\u00e9m, os outros tr\u00eas amigos n\u00e3o est\u00e3o muito felizes com a forma como Alexandre comanda as coisas. Para tentar amolecer o cora\u00e7\u00e3o dos amigos e garantir sua t\u00e3o esperada promo\u00e7\u00e3o, ele resolve levar todos &#8211; acompanhados das esposas e dos filhos &#8211; para a viagem ao Nordeste.. Saiba mais acessando: www.downtownfilmes.com.br<br>.<\/p>\n","protected":false},"excerpt":{"rendered":"<p>A estreia da semana \u00e9 \u201cGodzilla e Kong \u2013 O Novo Imp\u00e9rio\u201d, com classifica\u00e7\u00e3o indicativa<\/p>\n","protected":false},"author":1,"featured_media":38992,"comment_status":"closed","ping_status":"open","sticky":false,"template":"","format":"standard","meta":{"spay_email":"","footnotes":"","jetpack_publicize_message":""},"categories":[1],"tags":[],"jetpack_featured_media_url":"https:\/\/i0.wp.com\/jornaldeitaipava.com.br\/wp-content\/uploads\/2024\/03\/WhatsApp-Image-2024-03-28-at-13.38.10.jpeg?fit=771%2C420&ssl=1","jetpack_publicize_connections":[],"jetpack_sharing_enabled":true,"jetpack_likes_enabled":true,"jetpack-related-posts":[],"_links":{"self":[{"href":"https:\/\/jornaldeitaipava.com.br\/index.php\/wp-json\/wp\/v2\/posts\/38991"}],"collection":[{"href":"https:\/\/jornaldeitaipava.com.br\/index.php\/wp-json\/wp\/v2\/posts"}],"about":[{"href":"https:\/\/jornaldeitaipava.com.br\/index.php\/wp-json\/wp\/v2\/types\/post"}],"author":[{"embeddable":true,"href":"https:\/\/jornaldeitaipava.com.br\/index.php\/wp-json\/wp\/v2\/users\/1"}],"replies":[{"embeddable":true,"href":"https:\/\/jornaldeitaipava.com.br\/index.php\/wp-json\/wp\/v2\/comments?post=38991"}],"version-history":[{"count":1,"href":"https:\/\/jornaldeitaipava.com.br\/index.php\/wp-json\/wp\/v2\/posts\/38991\/revisions"}],"predecessor-version":[{"id":38993,"href":"https:\/\/jornaldeitaipava.com.br\/index.php\/wp-json\/wp\/v2\/posts\/38991\/revisions\/38993"}],"wp:featuredmedia":[{"embeddable":true,"href":"https:\/\/jornaldeitaipava.com.br\/index.php\/wp-json\/wp\/v2\/media\/38992"}],"wp:attachment":[{"href":"https:\/\/jornaldeitaipava.com.br\/index.php\/wp-json\/wp\/v2\/media?parent=38991"}],"wp:term":[{"taxonomy":"category","embeddable":true,"href":"https:\/\/jornaldeitaipava.com.br\/index.php\/wp-json\/wp\/v2\/categories?post=38991"},{"taxonomy":"post_tag","embeddable":true,"href":"https:\/\/jornaldeitaipava.com.br\/index.php\/wp-json\/wp\/v2\/tags?post=38991"}],"curies":[{"name":"wp","href":"https:\/\/api.w.org\/{rel}","templated":true}]}}