{"id":38996,"date":"2024-04-01T10:06:16","date_gmt":"2024-04-01T13:06:16","guid":{"rendered":"http:\/\/jornaldeitaipava.com.br\/?p=38996"},"modified":"2024-04-01T10:06:45","modified_gmt":"2024-04-01T13:06:45","slug":"petropolis-tera-programacao-pela-semana-da-memoria-verdade-e-justica","status":"publish","type":"post","link":"https:\/\/jornaldeitaipava.com.br\/index.php\/2024\/04\/01\/petropolis-tera-programacao-pela-semana-da-memoria-verdade-e-justica\/","title":{"rendered":"Petr\u00f3polis ter\u00e1 programa\u00e7\u00e3o pela Semana da Mem\u00f3ria, Verdade e Justi\u00e7a"},"content":{"rendered":"\n<p class=\"has-text-align-center\"><strong>Atividades, com entrada gratuita, v\u00e3o ocorrer entre os dias 1 e 8 de abril<\/strong><\/p>\n\n\n\n<p>Entre os dias 1\u00ba e 8 de abril, Petr\u00f3polis se junta a uma s\u00e9rie de eventos e a\u00e7\u00f5es para lembrar e refletir os 60 anos do golpe de 1964, com uma programa\u00e7\u00e3o intensa que marca a Semana da Mem\u00f3ria, Verdade e Justi\u00e7a. Institu\u00edda pela lei municipal 7.398 de 2016, a semana ter\u00e1 atividades promovidas pelo Grupo Pr\u00f3-Memorial (GPM) Casa da Morte, Centro Alceu Amoroso Lima para a Liberdade (CAALL) e Centro de Defesa dos Direitos Humanos (CDDH) de Petr\u00f3polis, al\u00e9m de parceria com grupos do Estado do Rio de Janeiro que atuam em defesa da democracia.<\/p>\n\n\n\n<p>A programa\u00e7\u00e3o come\u00e7a no dia 1\u00ba de abril, quando Petr\u00f3polis ir\u00e1 receber a caravana da Marcha da Democracia, que sair\u00e1 do Rio \u00e0s 8h e far\u00e1 uma parada solid\u00e1ria na Casa do Alem\u00e3o, no Quitandinha, onde vai entregar 60 kg de leite em p\u00f3 para as v\u00edtimas das chuvas. A parada em Petr\u00f3polis tamb\u00e9m ocorre para lembrar a luta pela desapropria\u00e7\u00e3o da Casa da Morte, im\u00f3vel localizado no Caxambu, usado como centro clandestino de tortura durante a ditadura militar no Brasil e que teve uma \u00fanica sobrevivente: In\u00eas Etienne Romeu.<\/p>\n\n\n\n<p>Acompanhando a caravana, os jovens do CDDH apresentar\u00e3o uma breve performance antes da sa\u00edda do \u00f4nibus, prevista para 10h. A caravana ir\u00e1 passar por Levy Gasparian, onde tamb\u00e9m far\u00e1 uma parada, e depois seguir\u00e1 para Juiz de Fora para o ato solene, previsto para ocorrer \u00e0s 16h, na Pra\u00e7a Ant\u00f4nio Carlos.<\/p>\n\n\n\n<p>Tamb\u00e9m no dia 1\u00ba de abril ser\u00e1 aberta ao p\u00fablico a exposi\u00e7\u00e3o: \u201cDitadura Civil-Militar no Brasil\u201d, no CDDH de Petr\u00f3polis. A mostra poder\u00e1 ser visitada at\u00e9 o dia 7 de abril, das 9h \u00e0s 18h. O CDDH fica na Rua Monsenhor Bacelar, n\u00ba 400, Centro.<\/p>\n\n\n\n<p>As atividades da Semana da Mem\u00f3ria, Verdade e Justi\u00e7a seguem no dia 2 de abril, com a Roda de Conversa &#8220;Lembrar \u00e9 Resistir&#8221;, no CAALL. O evento ter\u00e1 media\u00e7\u00e3o de \u00c1lvaro Penalva e contar\u00e1 com a presen\u00e7a de Eliana Rocha, Rafane Paix\u00e3o, Marcus S\u00e3o Thiago e Roberto Schiffler. Na ocasi\u00e3o, ser\u00e3o apresentados temas como o papel das empresas durante a ditadura, a mem\u00f3ria nos arquivos da Comiss\u00e3o Brasileira de Justi\u00e7a e Paz, a desapropria\u00e7\u00e3o da Casa da Morte e a import\u00e2ncia da Comiss\u00e3o da Verdade de Petr\u00f3polis, que pesquisou os crimes cometidos pela ditadura militar na cidade entre os anos de 2016 e 2018.<\/p>\n\n\n\n<p>No mesmo dia, ser\u00e1 aberta ao p\u00fablico no CAALL a exposi\u00e7\u00e3o \u201cCartas para a democracia\u201d, com cartas trocadas por Alceu Amoroso Lima e personalidades do Brasil e do mundo em defesa da democracia. A exposi\u00e7\u00e3o poder\u00e1 ser visitada at\u00e9 o dia 3 de maio, de segunda a sexta-feira, das 10h \u00e0s 17h. A roda de conversa e a exposi\u00e7\u00e3o dar\u00e3o in\u00edcio a segunda edi\u00e7\u00e3o do Projeto &#8220;2024: Valores da Democracia Hoje&#8221;. Atrav\u00e9s de filmes, lan\u00e7amentos de livros, debates e exposi\u00e7\u00f5es itinerantes, o projeto percorrer\u00e1 escolas, universidades e institui\u00e7\u00f5es para debater o tema.<\/p>\n\n\n\n<p>No dia 3 de abril, Rafane Paix\u00e3o e Samantha Quadrat, historiadoras e representantes do GPM Casa da Morte, participar\u00e3o da mesa \u201cLugares de Mem\u00f3ria\u201d, no Semin\u00e1rio sobre os 60 anos do Golpe, na Universidade Federal Fluminense (UFF), em Niter\u00f3i. A atividade contar\u00e1 ainda com a participa\u00e7\u00e3o de especialistas como Deborah Neves, representando a Unifesp e o GT Memorial DOI-Codi SP, e Marta Cisterna, da Casa Domingos Ca\u00f1as, em Santiago, no Chile. O semin\u00e1rio ser\u00e1 no Audit\u00f3rio do Bloco O da UFF, 2\u00ba andar do Gragoat\u00e1. O endere\u00e7o \u00e9 Rua Professor Marcos Waldemar de Freitas Reis, S\u00e3o Domingos &#8211; Niter\u00f3i.<\/p>\n\n\n\n<p>J\u00e1 na quinta (4) haver\u00e1 um Cine-debate na sede do CDDH, com a exibi\u00e7\u00e3o do filme &#8220;Retratos de Identifica\u00e7\u00e3o&#8221; (2014), \u00e0s 18h. No s\u00e1bado (6) ir\u00e1 ocorrer o ato \u201cLembrar \u00e9 resistir\u201d, com caminhada at\u00e9 a Casa da Morte. A concentra\u00e7\u00e3o est\u00e1 marcada para \u00e0s 10h na Pra\u00e7a da Inconfid\u00eancia.<\/p>\n\n\n\n<p>Encerrando a programa\u00e7\u00e3o da Semana da Mem\u00f3ria, na segunda, dia 8, haver\u00e1 o c\u00edrculo de leitura sobre &#8220;Paulo Freire e o Ex\u00edlio&#8221;, das 18h \u00e0s 19h30, na sala de Cinema Humberto Mauro, no Centro de Cultura Raul de Leoni.<\/p>\n\n\n\n<p>Para mais informa\u00e7\u00f5es, acompanhe a p\u00e1gina do Grupo Pr\u00f3-Memorial Casa da Morte no Instagram (@gpmcasadamorte).<\/p>\n","protected":false},"excerpt":{"rendered":"<p>Atividades, com entrada gratuita, v\u00e3o ocorrer entre os dias 1 e 8 de abril Entre<\/p>\n","protected":false},"author":1,"featured_media":38997,"comment_status":"closed","ping_status":"open","sticky":false,"template":"","format":"standard","meta":{"spay_email":"","footnotes":"","jetpack_publicize_message":""},"categories":[2],"tags":[],"jetpack_featured_media_url":"https:\/\/i1.wp.com\/jornaldeitaipava.com.br\/wp-content\/uploads\/2024\/04\/Petropolis-tera-programacao-pela-Semana-da-Memoria-Verdade-e-Justica.jpeg?fit=828%2C606&ssl=1","jetpack_publicize_connections":[],"jetpack_sharing_enabled":true,"jetpack_likes_enabled":true,"jetpack-related-posts":[],"_links":{"self":[{"href":"https:\/\/jornaldeitaipava.com.br\/index.php\/wp-json\/wp\/v2\/posts\/38996"}],"collection":[{"href":"https:\/\/jornaldeitaipava.com.br\/index.php\/wp-json\/wp\/v2\/posts"}],"about":[{"href":"https:\/\/jornaldeitaipava.com.br\/index.php\/wp-json\/wp\/v2\/types\/post"}],"author":[{"embeddable":true,"href":"https:\/\/jornaldeitaipava.com.br\/index.php\/wp-json\/wp\/v2\/users\/1"}],"replies":[{"embeddable":true,"href":"https:\/\/jornaldeitaipava.com.br\/index.php\/wp-json\/wp\/v2\/comments?post=38996"}],"version-history":[{"count":1,"href":"https:\/\/jornaldeitaipava.com.br\/index.php\/wp-json\/wp\/v2\/posts\/38996\/revisions"}],"predecessor-version":[{"id":38998,"href":"https:\/\/jornaldeitaipava.com.br\/index.php\/wp-json\/wp\/v2\/posts\/38996\/revisions\/38998"}],"wp:featuredmedia":[{"embeddable":true,"href":"https:\/\/jornaldeitaipava.com.br\/index.php\/wp-json\/wp\/v2\/media\/38997"}],"wp:attachment":[{"href":"https:\/\/jornaldeitaipava.com.br\/index.php\/wp-json\/wp\/v2\/media?parent=38996"}],"wp:term":[{"taxonomy":"category","embeddable":true,"href":"https:\/\/jornaldeitaipava.com.br\/index.php\/wp-json\/wp\/v2\/categories?post=38996"},{"taxonomy":"post_tag","embeddable":true,"href":"https:\/\/jornaldeitaipava.com.br\/index.php\/wp-json\/wp\/v2\/tags?post=38996"}],"curies":[{"name":"wp","href":"https:\/\/api.w.org\/{rel}","templated":true}]}}