{"id":38999,"date":"2024-04-01T10:13:23","date_gmt":"2024-04-01T13:13:23","guid":{"rendered":"http:\/\/jornaldeitaipava.com.br\/?p=38999"},"modified":"2024-04-01T10:35:57","modified_gmt":"2024-04-01T13:35:57","slug":"prefeitura-publica-edital-de-licitacao-para-linhas-da-da-viacao-cascatinha","status":"publish","type":"post","link":"https:\/\/jornaldeitaipava.com.br\/index.php\/2024\/04\/01\/prefeitura-publica-edital-de-licitacao-para-linhas-da-da-viacao-cascatinha\/","title":{"rendered":"Prefeitura publica edital de licita\u00e7\u00e3o para linhas da Via\u00e7\u00e3o Cascatinha"},"content":{"rendered":"\n<p>Cerca de 35 mil moradores das regi\u00f5es do Retiro, Carangola, Roseiral e Estrada da Saudade ser\u00e3o beneficiados com a licita\u00e7\u00e3o das linhas (27 no total) da Via\u00e7\u00e3o Cascatinha. O edital foi publicado pela Prefeitura esta semana e o preg\u00e3o est\u00e1 marcado para o dia 24 de abril.<br>\u201cCom a licita\u00e7\u00e3o, vamos garantir que os moradores dessas quatro regi\u00f5es tenham um transporte seguro, com \u00f4nibus novos e atendimento de qualidade, com regularidade nos hor\u00e1rios. Sabemos que ainda h\u00e1 muito o que fazer para melhorar o transporte p\u00fablico da cidade, mas a licita\u00e7\u00e3o \u00e9 um passo importante nesse trabalho de reestrutura\u00e7\u00e3o\u201d, disse o prefeito Rubens Bomtempo.<br>O prazo da concess\u00e3o do servi\u00e7o p\u00fablico de transporte coletivo municipal de passageiros, das linhas licitadas, ser\u00e1 de no m\u00ednimo 20 anos, podendo ser prorrogado por igual per\u00edodo. O julgamento das propostas levar\u00e1 em considera\u00e7\u00e3o a maior oferta pela outorga da concess\u00e3o, que ser\u00e1 destinada para um fundo, que permitir\u00e1 uma poss\u00edvel indeniza\u00e7\u00e3o para funcion\u00e1rios da Cascatinha.<br>\u201cA licita\u00e7\u00e3o vai garantir seguran\u00e7a para os rodovi\u00e1rios, que estar\u00e3o trabalhando em \u00f4nibus novos, com mais conforto. Nosso compromisso \u00e9 promover um transporte p\u00fablico de qualidade para toda a popula\u00e7\u00e3o\u201d, comentou o presidente da Companhia Petropolitana de Tr\u00e2nsito e Transportes (CPTrans), Thiago Damaceno.<br>A publica\u00e7\u00e3o do edital foi poss\u00edvel ap\u00f3s parecer do Tribunal de Contas do Estado (TCE) e do Tribunal de Justi\u00e7a do Estado do Rio de Janeiro (TJRJ), que apontam a nulidade das linhas operadas pela Via\u00e7\u00e3o Cascatinha. O edital est\u00e1 dispon\u00edvel no Portal da Transpar\u00eancia da Prefeitura (petropolis.rj.gov.br) e no Portal Nacional de Compras P\u00fablicas (PNCP).<\/p>\n\n\n\n<p><strong>Confira quais s\u00e3o as linhas que ser\u00e3o licitadas:<br><\/strong>Retiro:<\/p>\n\n\n\n<ul>\n<li>Quarteir\u00e3o Brasileiro<\/li>\n\n\n\n<li>Jo\u00e3o de Deus<\/li>\n\n\n\n<li>Max Manoel Molter<\/li>\n\n\n\n<li>At\u00edlio Marotti<\/li>\n\n\n\n<li>Comunidade da Esperan\u00e7a<\/li>\n\n\n\n<li>Comunidade do Alem\u00e3o<\/li>\n\n\n\n<li>Alto Comunidade do Alem\u00e3o<\/li>\n\n\n\n<li>Comunidade do Neylor<\/li>\n\n\n\n<li>Vale dos Esquilos<\/li>\n\n\n\n<li>Comunidade S\u00e3o Luiz<\/li>\n<\/ul>\n\n\n\n<p>Carangola:<\/p>\n\n\n\n<ul>\n<li>Modesto Guimar\u00e3es<\/li>\n\n\n\n<li>Cidade Nova<\/li>\n\n\n\n<li>Amoedo<\/li>\n\n\n\n<li>Vila Manzini<\/li>\n\n\n\n<li>Divino<\/li>\n\n\n\n<li>Sert\u00e3o do Carangola<\/li>\n\n\n\n<li>Vicenzo Rivetti<\/li>\n\n\n\n<li>D\u00e9bora Couto Sucupira<\/li>\n<\/ul>\n\n\n\n<p>Roseiral:<\/p>\n\n\n\n<ul>\n<li>Roseiral<\/li>\n\n\n\n<li>Jardim Salvador<\/li>\n<\/ul>\n\n\n\n<p>Estrada da Saudade:<\/p>\n\n\n\n<ul>\n<li>Monte Florido<\/li>\n\n\n\n<li>Ventura<\/li>\n\n\n\n<li>Fragoso<\/li>\n\n\n\n<li>Veridiano F\u00e9lix<\/li>\n\n\n\n<li>Luiz Pelegrini<\/li>\n\n\n\n<li>Boa Vista<\/li>\n\n\n\n<li>Alto Boa Vista<\/li>\n<\/ul>\n","protected":false},"excerpt":{"rendered":"<p>Cerca de 35 mil moradores das regi\u00f5es do Retiro, Carangola, Roseiral e Estrada da Saudade<\/p>\n","protected":false},"author":1,"featured_media":27186,"comment_status":"closed","ping_status":"open","sticky":false,"template":"","format":"standard","meta":{"spay_email":"","footnotes":"","jetpack_publicize_message":""},"categories":[24],"tags":[],"jetpack_featured_media_url":"https:\/\/i0.wp.com\/jornaldeitaipava.com.br\/wp-content\/uploads\/2022\/04\/CASCATINHA.jpg?fit=600%2C337&ssl=1","jetpack_publicize_connections":[],"jetpack_sharing_enabled":true,"jetpack_likes_enabled":true,"jetpack-related-posts":[],"_links":{"self":[{"href":"https:\/\/jornaldeitaipava.com.br\/index.php\/wp-json\/wp\/v2\/posts\/38999"}],"collection":[{"href":"https:\/\/jornaldeitaipava.com.br\/index.php\/wp-json\/wp\/v2\/posts"}],"about":[{"href":"https:\/\/jornaldeitaipava.com.br\/index.php\/wp-json\/wp\/v2\/types\/post"}],"author":[{"embeddable":true,"href":"https:\/\/jornaldeitaipava.com.br\/index.php\/wp-json\/wp\/v2\/users\/1"}],"replies":[{"embeddable":true,"href":"https:\/\/jornaldeitaipava.com.br\/index.php\/wp-json\/wp\/v2\/comments?post=38999"}],"version-history":[{"count":2,"href":"https:\/\/jornaldeitaipava.com.br\/index.php\/wp-json\/wp\/v2\/posts\/38999\/revisions"}],"predecessor-version":[{"id":39009,"href":"https:\/\/jornaldeitaipava.com.br\/index.php\/wp-json\/wp\/v2\/posts\/38999\/revisions\/39009"}],"wp:featuredmedia":[{"embeddable":true,"href":"https:\/\/jornaldeitaipava.com.br\/index.php\/wp-json\/wp\/v2\/media\/27186"}],"wp:attachment":[{"href":"https:\/\/jornaldeitaipava.com.br\/index.php\/wp-json\/wp\/v2\/media?parent=38999"}],"wp:term":[{"taxonomy":"category","embeddable":true,"href":"https:\/\/jornaldeitaipava.com.br\/index.php\/wp-json\/wp\/v2\/categories?post=38999"},{"taxonomy":"post_tag","embeddable":true,"href":"https:\/\/jornaldeitaipava.com.br\/index.php\/wp-json\/wp\/v2\/tags?post=38999"}],"curies":[{"name":"wp","href":"https:\/\/api.w.org\/{rel}","templated":true}]}}