{"id":39001,"date":"2024-04-01T10:17:23","date_gmt":"2024-04-01T13:17:23","guid":{"rendered":"http:\/\/jornaldeitaipava.com.br\/?p=39001"},"modified":"2024-04-01T10:17:26","modified_gmt":"2024-04-01T13:17:26","slug":"coracoes-enchem-petropolis-com-mensagens-de-amor-e-esperanca","status":"publish","type":"post","link":"https:\/\/jornaldeitaipava.com.br\/index.php\/2024\/04\/01\/coracoes-enchem-petropolis-com-mensagens-de-amor-e-esperanca\/","title":{"rendered":"Cora\u00e7\u00f5es enchem Petr\u00f3polis com mensagens de amor e esperan\u00e7a"},"content":{"rendered":"\n<p>Diversos bairros de Petr\u00f3polis amanheceram coloridos de amor neste domingo de P\u00e1scoa (31). Cora\u00e7\u00f5es com mensagens de esperan\u00e7a, lembrando esse per\u00edodo, foram distribu\u00eddos em diversos locais. A iniciativa \u00e9 da Catedral Metodista de Petr\u00f3polis, Campus Coronel Veiga.<\/p>\n\n\n\n<p>\u201cNosso prop\u00f3sito \u00e9 contribuir com a nossa cidade de alguma forma, principalmente ap\u00f3s as chuvas de 2022 e que se repetiram agora. Esta \u00e9 uma das frentes, al\u00e9m dos nossos projetos sociais, de tentar trazer uma boa mensagem aos petropolitanos, uma mensagem que enche o nosso cora\u00e7\u00e3o de esperan\u00e7a e alegria: Deus amou o mundo de tal maneira, que entregou seu Filho por n\u00f3s\u201d, explicou o Pastor Augusto Menino, l\u00edder do campus.<\/p>\n\n\n\n<p>Esta a\u00e7\u00e3o j\u00e1 acontece h\u00e1 dois anos consecutivos. Os grupos deixaram as mensagens, durante a madrugada de s\u00e1bado para domingo, em toda a regi\u00e3o da Coronel Veiga. Ao todo, foram mais de 13 mil cora\u00e7\u00f5es produzidos.<\/p>\n\n\n\n<p>Al\u00e9m destas a\u00e7\u00f5es especiais, a Catedral Metodista de Petr\u00f3polis mant\u00e9m o Projeto Esperan\u00e7a, que, recentemente, completou dois anos. A iniciativa surgiu ap\u00f3s as chuvas de 2022 e oferece aulas de esportes, aux\u00edlio profissional, atendimento psicol\u00f3gico e cestas b\u00e1sicas para centenas de fam\u00edlias, que foram atingidas pela trag\u00e9dia.<\/p>\n\n\n\n<p>\u201cA mensagem da P\u00e1scoa tamb\u00e9m \u00e9 uma mensagem de servi\u00e7o. O Filho de Deus n\u00e3o veio para ser servido, mas para servir, dando sua vida a favor de muitos. E, n\u00f3s, como Igreja, tamb\u00e9m desejamos seguir esse ensinamento de Jesus\u201d, disse o pastor s\u00eanior da Catedral Metodista, Ewander Macedo.<\/p>\n","protected":false},"excerpt":{"rendered":"<p>Diversos bairros de Petr\u00f3polis amanheceram coloridos de amor neste domingo de P\u00e1scoa (31). Cora\u00e7\u00f5es com<\/p>\n","protected":false},"author":1,"featured_media":39002,"comment_status":"closed","ping_status":"open","sticky":false,"template":"","format":"standard","meta":{"spay_email":"","footnotes":"","jetpack_publicize_message":""},"categories":[2],"tags":[],"jetpack_featured_media_url":"https:\/\/i1.wp.com\/jornaldeitaipava.com.br\/wp-content\/uploads\/2024\/04\/CORACAO.png?fit=374%2C245&ssl=1","jetpack_publicize_connections":[],"jetpack_sharing_enabled":true,"jetpack_likes_enabled":true,"jetpack-related-posts":[],"_links":{"self":[{"href":"https:\/\/jornaldeitaipava.com.br\/index.php\/wp-json\/wp\/v2\/posts\/39001"}],"collection":[{"href":"https:\/\/jornaldeitaipava.com.br\/index.php\/wp-json\/wp\/v2\/posts"}],"about":[{"href":"https:\/\/jornaldeitaipava.com.br\/index.php\/wp-json\/wp\/v2\/types\/post"}],"author":[{"embeddable":true,"href":"https:\/\/jornaldeitaipava.com.br\/index.php\/wp-json\/wp\/v2\/users\/1"}],"replies":[{"embeddable":true,"href":"https:\/\/jornaldeitaipava.com.br\/index.php\/wp-json\/wp\/v2\/comments?post=39001"}],"version-history":[{"count":1,"href":"https:\/\/jornaldeitaipava.com.br\/index.php\/wp-json\/wp\/v2\/posts\/39001\/revisions"}],"predecessor-version":[{"id":39003,"href":"https:\/\/jornaldeitaipava.com.br\/index.php\/wp-json\/wp\/v2\/posts\/39001\/revisions\/39003"}],"wp:featuredmedia":[{"embeddable":true,"href":"https:\/\/jornaldeitaipava.com.br\/index.php\/wp-json\/wp\/v2\/media\/39002"}],"wp:attachment":[{"href":"https:\/\/jornaldeitaipava.com.br\/index.php\/wp-json\/wp\/v2\/media?parent=39001"}],"wp:term":[{"taxonomy":"category","embeddable":true,"href":"https:\/\/jornaldeitaipava.com.br\/index.php\/wp-json\/wp\/v2\/categories?post=39001"},{"taxonomy":"post_tag","embeddable":true,"href":"https:\/\/jornaldeitaipava.com.br\/index.php\/wp-json\/wp\/v2\/tags?post=39001"}],"curies":[{"name":"wp","href":"https:\/\/api.w.org\/{rel}","templated":true}]}}