{"id":39006,"date":"2024-04-01T10:26:40","date_gmt":"2024-04-01T13:26:40","guid":{"rendered":"http:\/\/jornaldeitaipava.com.br\/?p=39006"},"modified":"2024-04-01T10:26:42","modified_gmt":"2024-04-01T13:26:42","slug":"petropolis-precisa-de-18-obras-emergenciais-apos-temporal","status":"publish","type":"post","link":"https:\/\/jornaldeitaipava.com.br\/index.php\/2024\/04\/01\/petropolis-precisa-de-18-obras-emergenciais-apos-temporal\/","title":{"rendered":"Petr\u00f3polis precisa de 18 obras emergenciais ap\u00f3s temporal"},"content":{"rendered":"\n<p>A prefeitura de Petr\u00f3polis trabalha em 18 projetos de obras de grande porte em resposta ao temporal que atingiu a cidade no \u00faltimo fim de semana. A Secretaria de Obras prev\u00ea que, nos pr\u00f3ximos dias, o plano esteja montado para o munic\u00edpio solicitar recursos junto ao governo federal. S\u00e3o obras de conten\u00e7\u00e3o, recupera\u00e7\u00e3o de vias p\u00fablicas e amplia\u00e7\u00e3o e reforma do Cemit\u00e9rio Municipal.<br>\u201cForam sete dias de Centro Integrado de Comando e Controle. Nesse per\u00edodo, monitoramos as chuvas e tomamos decis\u00f5es em rela\u00e7\u00e3o \u00e0s respostas para as ocorr\u00eancias. Desde o dia 22, eu visito todo dia as \u00e1reas atingidas para avaliar o passivo deixado pelas chuvas. O que estiver ao nosso alcance em rela\u00e7\u00e3o \u00e0s obras necess\u00e1rias, n\u00f3s vamos fazer\u201d, explicou o prefeito Rubens Bomtempo.<br>Al\u00e9m dos 18 projetos em andamento, o prefeito determinou \u00e0 Secretaria de Obras a realiza\u00e7\u00e3o de levantamentos em tr\u00eas pontos do bairro Independ\u00eancia, para identificar as necessidades de obras e, se for o caso, realizar a concep\u00e7\u00e3o de projetos.<\/p>\n\n\n\n<p><strong>Recupera\u00e7\u00e3o<br><\/strong>As interven\u00e7\u00f5es no trecho onde ocorreram deslizamentos de terra na Estrada Uni\u00e3o e Ind\u00fastria, na altura do distrito de Pedro do Rio, ser\u00e3o realizadas pelo Departamento Nacional de Infraestrutura de Transportes (Dnit), \u00f3rg\u00e3o federal vinculado ao Minist\u00e9rio dos Transportes. O local est\u00e1 em meia pista.<br>Na quinta-feira (28), representantes da prefeitura e do Dnit estiveram pr\u00f3ximo ao centro de Pedro do Rio, avaliando a situa\u00e7\u00e3o. \u201cEssa obra precisa ser feita de forma r\u00e1pida e emergencial, uma vez que a Uni\u00e3o e Ind\u00fastria \u00e9 uma importante via da cidade e traz consequ\u00eancias para a mobilidade urbana\u201d, disse Bomtempo.<\/p>\n\n\n\n<p>Da Ag\u00eancia Brasil<\/p>\n","protected":false},"excerpt":{"rendered":"<p>A prefeitura de Petr\u00f3polis trabalha em 18 projetos de obras de grande porte em resposta<\/p>\n","protected":false},"author":1,"featured_media":39007,"comment_status":"closed","ping_status":"open","sticky":false,"template":"","format":"standard","meta":{"spay_email":"","footnotes":"","jetpack_publicize_message":""},"categories":[24],"tags":[],"jetpack_featured_media_url":"https:\/\/i0.wp.com\/jornaldeitaipava.com.br\/wp-content\/uploads\/2024\/04\/barreira.png?fit=588%2C304&ssl=1","jetpack_publicize_connections":[],"jetpack_sharing_enabled":true,"jetpack_likes_enabled":true,"jetpack-related-posts":[],"_links":{"self":[{"href":"https:\/\/jornaldeitaipava.com.br\/index.php\/wp-json\/wp\/v2\/posts\/39006"}],"collection":[{"href":"https:\/\/jornaldeitaipava.com.br\/index.php\/wp-json\/wp\/v2\/posts"}],"about":[{"href":"https:\/\/jornaldeitaipava.com.br\/index.php\/wp-json\/wp\/v2\/types\/post"}],"author":[{"embeddable":true,"href":"https:\/\/jornaldeitaipava.com.br\/index.php\/wp-json\/wp\/v2\/users\/1"}],"replies":[{"embeddable":true,"href":"https:\/\/jornaldeitaipava.com.br\/index.php\/wp-json\/wp\/v2\/comments?post=39006"}],"version-history":[{"count":1,"href":"https:\/\/jornaldeitaipava.com.br\/index.php\/wp-json\/wp\/v2\/posts\/39006\/revisions"}],"predecessor-version":[{"id":39008,"href":"https:\/\/jornaldeitaipava.com.br\/index.php\/wp-json\/wp\/v2\/posts\/39006\/revisions\/39008"}],"wp:featuredmedia":[{"embeddable":true,"href":"https:\/\/jornaldeitaipava.com.br\/index.php\/wp-json\/wp\/v2\/media\/39007"}],"wp:attachment":[{"href":"https:\/\/jornaldeitaipava.com.br\/index.php\/wp-json\/wp\/v2\/media?parent=39006"}],"wp:term":[{"taxonomy":"category","embeddable":true,"href":"https:\/\/jornaldeitaipava.com.br\/index.php\/wp-json\/wp\/v2\/categories?post=39006"},{"taxonomy":"post_tag","embeddable":true,"href":"https:\/\/jornaldeitaipava.com.br\/index.php\/wp-json\/wp\/v2\/tags?post=39006"}],"curies":[{"name":"wp","href":"https:\/\/api.w.org\/{rel}","templated":true}]}}