{"id":39011,"date":"2024-04-03T08:58:42","date_gmt":"2024-04-03T11:58:42","guid":{"rendered":"http:\/\/jornaldeitaipava.com.br\/?p=39011"},"modified":"2024-04-03T08:58:44","modified_gmt":"2024-04-03T11:58:44","slug":"deguste-promove-o-i-encontro-sobre-acessibilidade-equidade-e-inclusao","status":"publish","type":"post","link":"https:\/\/jornaldeitaipava.com.br\/index.php\/2024\/04\/03\/deguste-promove-o-i-encontro-sobre-acessibilidade-equidade-e-inclusao\/","title":{"rendered":"Deguste promove o I Encontro sobre Acessibilidade, Equidade e Inclus\u00e3o"},"content":{"rendered":"\n<p class=\"has-text-align-center\"><strong>Forma\u00e7\u00e3o visa tornar eventos e espa\u00e7os culturais mais acess\u00edveis<\/strong><\/p>\n\n\n\n<p><br>No dia em que a conscientiza\u00e7\u00e3o sobre o autismo tem destaque, 2 de abril, a Deguste Promo\u00e7\u00e3o e Eventos abre as inscri\u00e7\u00f5es para o I Encontro sobre Acessibilidade, Equidade e Inclus\u00e3o. A iniciativa pretende capacitar os profissionais que atuam em eventos.<br>As inscri\u00e7\u00f5es s\u00e3o gratuitas e as vagas s\u00e3o limitadas. O evento ocorrer\u00e1 na cervejaria Colonus no s\u00e1bado, 06 de abril, \u00e0s 14h. Os interessados devem acessar o link:<br><a href=\"https:\/\/forms.gle\/TKrRzkTNhxe6wpL98\" target=\"_blank\" rel=\"noreferrer noopener\">https:\/\/forms.gle\/TKrRzkTNhxe6wpL98<\/a><br>&#8220;Neste encontro, teremos a oportunidade de discutir e explorar maneiras de tornar nossos espa\u00e7os mais acess\u00edveis e acolhedores para todos. Acreditamos firmemente na import\u00e2ncia de criar um ambiente onde todas as pessoas se sintam valorizadas e inclu\u00eddas&#8221;, afirma Rodrigo Duarte, idealizador da Deguste.<br>O primeiro encontro conta com a participa\u00e7\u00e3o do projeto INcluir Petr\u00f3polis. capacitismo, transversalidade, equidade e inclus\u00e3o s\u00e3o o foco central da primeira edi\u00e7\u00e3o. O palestrante ser\u00e1 Chen Li Cheng.<br>&#8220;Que a Sociedade Petropolitana seja menos Capacitista e mais INclusiva com equidade para o PcD&#8221;, diz Chen.<br>Durante o evento, compartilhamento de experi\u00eancias para promover uma cultura de equidade e inclus\u00e3o na comunidade. &#8220;Percebemos a necessidade de falar sobre o assunto, mostrar a import\u00e2ncia da discuss\u00e3o e de se ter a no\u00e7\u00e3o concreta do que cada um desses temas representa. Queremos uma Deguste cada vez mais atenta \u00e0s necessidades do p\u00fablico e, para isso, \u00e9 necess\u00e1rio que todos participem dos nossos encontros que ser\u00e3o regulares. Vamos tornar nossos eventos mais acess\u00edveis e inclusivos para todos&#8221;, explicou a produtora da Deguste e criadora do projeto de capacita\u00e7\u00e3o, Gabrielle Rosendo.<br>Os expositores da Deguste participar\u00e3o do evento, no entanto, as inscri\u00e7\u00f5es tamb\u00e9m est\u00e3o abertas para aqueles que est\u00e3o interessados em aprender um pouco mais sobre as a\u00e7\u00f5es necess\u00e1rias para tornar eventos, locais e programa\u00e7\u00f5es mais acess\u00edveis para todos os tipos de p\u00fablicos.<\/p>\n\n\n\n<p>Servi\u00e7o:<br>Data: S\u00e1bado, 06 de abril de 2024<br>Hor\u00e1rio: 14h<br>Local: Cervejaria Colonus<\/p>\n","protected":false},"excerpt":{"rendered":"<p>Forma\u00e7\u00e3o visa tornar eventos e espa\u00e7os culturais mais acess\u00edveis No dia em que a conscientiza\u00e7\u00e3o<\/p>\n","protected":false},"author":1,"featured_media":39012,"comment_status":"closed","ping_status":"open","sticky":false,"template":"","format":"standard","meta":{"spay_email":"","footnotes":"","jetpack_publicize_message":""},"categories":[1],"tags":[],"jetpack_featured_media_url":"https:\/\/i1.wp.com\/jornaldeitaipava.com.br\/wp-content\/uploads\/2024\/04\/colonus.png?fit=430%2C305&ssl=1","jetpack_publicize_connections":[],"jetpack_sharing_enabled":true,"jetpack_likes_enabled":true,"jetpack-related-posts":[],"_links":{"self":[{"href":"https:\/\/jornaldeitaipava.com.br\/index.php\/wp-json\/wp\/v2\/posts\/39011"}],"collection":[{"href":"https:\/\/jornaldeitaipava.com.br\/index.php\/wp-json\/wp\/v2\/posts"}],"about":[{"href":"https:\/\/jornaldeitaipava.com.br\/index.php\/wp-json\/wp\/v2\/types\/post"}],"author":[{"embeddable":true,"href":"https:\/\/jornaldeitaipava.com.br\/index.php\/wp-json\/wp\/v2\/users\/1"}],"replies":[{"embeddable":true,"href":"https:\/\/jornaldeitaipava.com.br\/index.php\/wp-json\/wp\/v2\/comments?post=39011"}],"version-history":[{"count":1,"href":"https:\/\/jornaldeitaipava.com.br\/index.php\/wp-json\/wp\/v2\/posts\/39011\/revisions"}],"predecessor-version":[{"id":39013,"href":"https:\/\/jornaldeitaipava.com.br\/index.php\/wp-json\/wp\/v2\/posts\/39011\/revisions\/39013"}],"wp:featuredmedia":[{"embeddable":true,"href":"https:\/\/jornaldeitaipava.com.br\/index.php\/wp-json\/wp\/v2\/media\/39012"}],"wp:attachment":[{"href":"https:\/\/jornaldeitaipava.com.br\/index.php\/wp-json\/wp\/v2\/media?parent=39011"}],"wp:term":[{"taxonomy":"category","embeddable":true,"href":"https:\/\/jornaldeitaipava.com.br\/index.php\/wp-json\/wp\/v2\/categories?post=39011"},{"taxonomy":"post_tag","embeddable":true,"href":"https:\/\/jornaldeitaipava.com.br\/index.php\/wp-json\/wp\/v2\/tags?post=39011"}],"curies":[{"name":"wp","href":"https:\/\/api.w.org\/{rel}","templated":true}]}}