{"id":39017,"date":"2024-04-03T09:03:06","date_gmt":"2024-04-03T12:03:06","guid":{"rendered":"http:\/\/jornaldeitaipava.com.br\/?p=39017"},"modified":"2024-04-03T09:03:07","modified_gmt":"2024-04-03T12:03:07","slug":"andre-doninski-inicia-serie-de-recitais-jazz-brasil-na-casa-de-petropolis-neste-sabado","status":"publish","type":"post","link":"https:\/\/jornaldeitaipava.com.br\/index.php\/2024\/04\/03\/andre-doninski-inicia-serie-de-recitais-jazz-brasil-na-casa-de-petropolis-neste-sabado\/","title":{"rendered":"Andr\u00e9 Doninski inicia s\u00e9rie de recitais \u201cJazz-Brasil\u201d na Casa de Petr\u00f3polis neste s\u00e1bado"},"content":{"rendered":"\n<p class=\"has-text-align-center\">Apresenta\u00e7\u00e3o ser\u00e1 \u00e0s 20h. Ingressos j\u00e1 est\u00e3o \u00e0 venda<\/p>\n\n\n\n<p>O pianista e compositor Andr\u00e9 Doninski inicia a s\u00e9rie Trilogia de recitais \u201cJazz-Brasil\u201d na Casa de Petr\u00f3polis Instituto de Cultura neste s\u00e1bado (6), \u00e0s 20h. A primeira apresenta\u00e7\u00e3o ser\u00e1 com o &#8220;Samba-jazz&#8221; e os interessados j\u00e1 podem adquirir os ingressos.<br>A trilogia &#8220;Jazz-Brasil&#8221; vai se desdobrar em concertos in\u00e9ditos e distintos: al\u00e9m do Samba-jazz, haver\u00e1 ainda o concerto que leva o mesmo nome do projeto: \u201dJazz-Brasil\u201d, que vai explorar m\u00fasicas brasileiras permeadas pelo jazz, fusion, blues e rock progressivo, al\u00e9m de ritmos regionais do pa\u00eds; e o \u201cM\u00fasicas do mundo&#8221;, uma viagem pelas m\u00fasicas com influ\u00eancias internacionais, desde a m\u00fasica \u00e9tnica at\u00e9 a erudita e contempor\u00e2nea.<br>O evento busca n\u00e3o apenas o entretenimento musical, mas tamb\u00e9m \u00e9 um meio de divulga\u00e7\u00e3o do projeto de restaura\u00e7\u00e3o e revitaliza\u00e7\u00e3o da Casa de Petr\u00f3polis, registrado no PRONAC 238424. A iniciativa oferece aos participantes a chance de apoiar a conserva\u00e7\u00e3o deste importante patrim\u00f4nio cultural, contribuindo para a manuten\u00e7\u00e3o da identidade cultural da cidade.<br>A apresenta\u00e7\u00e3o inaugural de Andr\u00e9 Doninski conta com ingressos a R$ 40 (inteira) e R$ 20 (meia) e podem ser adquiridos na bilheteria da Casa at\u00e9 o dia do evento ou pelo site https:\/\/culturacasadepetropolis.com.br\/ingresso\/. O evento est\u00e1 sujeito \u00e0 lota\u00e7\u00e3o, por isso \u00e9 aconselh\u00e1vel garantir o lugar com anteced\u00eancia.<br>A Casa de Petr\u00f3polis Instituto de Cultura fica no n\u00famero 716 da Avenida Ipiranga, no Centro Hist\u00f3rico de Petr\u00f3polis. O local oferece estacionamento rotativo.<br>Para mais informa\u00e7\u00f5es e reservas, visite o site e siga o perfil da Casa de Petr\u00f3polis nas redes sociais (@culturacasadepetropolis).<\/p>\n","protected":false},"excerpt":{"rendered":"<p>Apresenta\u00e7\u00e3o ser\u00e1 \u00e0s 20h. Ingressos j\u00e1 est\u00e3o \u00e0 venda O pianista e compositor Andr\u00e9 Doninski<\/p>\n","protected":false},"author":1,"featured_media":39018,"comment_status":"closed","ping_status":"open","sticky":false,"template":"","format":"standard","meta":{"spay_email":"","footnotes":"","jetpack_publicize_message":""},"categories":[1],"tags":[],"jetpack_featured_media_url":"https:\/\/i2.wp.com\/jornaldeitaipava.com.br\/wp-content\/uploads\/2024\/04\/Credito-Divulgacao-scaled.jpg?fit=2560%2C1707&ssl=1","jetpack_publicize_connections":[],"jetpack_sharing_enabled":true,"jetpack_likes_enabled":true,"jetpack-related-posts":[],"_links":{"self":[{"href":"https:\/\/jornaldeitaipava.com.br\/index.php\/wp-json\/wp\/v2\/posts\/39017"}],"collection":[{"href":"https:\/\/jornaldeitaipava.com.br\/index.php\/wp-json\/wp\/v2\/posts"}],"about":[{"href":"https:\/\/jornaldeitaipava.com.br\/index.php\/wp-json\/wp\/v2\/types\/post"}],"author":[{"embeddable":true,"href":"https:\/\/jornaldeitaipava.com.br\/index.php\/wp-json\/wp\/v2\/users\/1"}],"replies":[{"embeddable":true,"href":"https:\/\/jornaldeitaipava.com.br\/index.php\/wp-json\/wp\/v2\/comments?post=39017"}],"version-history":[{"count":1,"href":"https:\/\/jornaldeitaipava.com.br\/index.php\/wp-json\/wp\/v2\/posts\/39017\/revisions"}],"predecessor-version":[{"id":39019,"href":"https:\/\/jornaldeitaipava.com.br\/index.php\/wp-json\/wp\/v2\/posts\/39017\/revisions\/39019"}],"wp:featuredmedia":[{"embeddable":true,"href":"https:\/\/jornaldeitaipava.com.br\/index.php\/wp-json\/wp\/v2\/media\/39018"}],"wp:attachment":[{"href":"https:\/\/jornaldeitaipava.com.br\/index.php\/wp-json\/wp\/v2\/media?parent=39017"}],"wp:term":[{"taxonomy":"category","embeddable":true,"href":"https:\/\/jornaldeitaipava.com.br\/index.php\/wp-json\/wp\/v2\/categories?post=39017"},{"taxonomy":"post_tag","embeddable":true,"href":"https:\/\/jornaldeitaipava.com.br\/index.php\/wp-json\/wp\/v2\/tags?post=39017"}],"curies":[{"name":"wp","href":"https:\/\/api.w.org\/{rel}","templated":true}]}}