{"id":39020,"date":"2024-04-03T09:06:37","date_gmt":"2024-04-03T12:06:37","guid":{"rendered":"http:\/\/jornaldeitaipava.com.br\/?p=39020"},"modified":"2024-04-03T09:06:38","modified_gmt":"2024-04-03T12:06:38","slug":"miguel-pereira-pode-ter-resort-cidade-do-vasco","status":"publish","type":"post","link":"https:\/\/jornaldeitaipava.com.br\/index.php\/2024\/04\/03\/miguel-pereira-pode-ter-resort-cidade-do-vasco\/","title":{"rendered":"Miguel Pereira pode ter resort &#8220;Cidade do Vasco&#8221;"},"content":{"rendered":"\n<p class=\"has-text-align-center\"><strong>Empreendimento em pauta \u00e9 um resort com campos de futebol <\/strong><\/p>\n\n\n\n<p>O munic\u00edpio de Miguel Pereira segue avan\u00e7ando no sentido de se tornar uma pot\u00eancia tur\u00edstica no pa\u00eds. Nesta semana, deve ser assinado um contrato de parceria com o prefeito, Andr\u00e9 Portugu\u00eas, e a rede Laghetto de hot\u00e9is e resorts para sonhada constru\u00e7\u00e3o de \u201cCidade do Vasco\u201d. O empreendimento em pauta \u00e9 um resort com campos de futebol, gin\u00e1sio poliesportivo e cerca de 800 apartamentos, decorados para receber, inclusive, os times de futebol masculino e feminino em per\u00edodos de pr\u00e9-temporada. O projeto n\u00e3o dever\u00e1 ter custos para a SAF do clube, que pretende v\u00ea-lo pronto em at\u00e9 dois anos.<br>O modelo de neg\u00f3cio repete projetos em andamentos no Rio Grande do Sul com Gr\u00eamio e Internacional. Neste feriado, o prefeito e os executivos da empresa hoteleira visitaram os terrenos dispon\u00edveis para a constru\u00e7\u00e3o do projeto. A ideia de erguer na cidade serrana um complexo hoteleiro e esportivo com a marca do clube vem sendo trabalhada h\u00e1 cinco anos por Fernando Lima, o popular Z\u00e9 Colmeia, respons\u00e1vel pela mobiliza\u00e7\u00e3o de s\u00f3cios e torcedores do clube para a reforma da sede da Lagoa.<br>As negocia\u00e7\u00f5es come\u00e7aram, na quinta-feira, dia 28, quando o prefeito Andr\u00e9 Portugu\u00eas e seu vice, Pedro Paulo Quinzinho receberam no gabinete representantes do Grupo Laghetto Hot\u00e9is, uma das maiores cadeias hoteleiras do pa\u00eds. Os s\u00f3cios da Laghetto Sports Resorts, Gustavo Kinzel, Gilberto Stobaus e Ronald Spieker, marcaram presen\u00e7a no encontro que teve como pauta principal o desenvolvimento tur\u00edstico da regi\u00e3o.<\/p>\n","protected":false},"excerpt":{"rendered":"<p>Empreendimento em pauta \u00e9 um resort com campos de futebol O munic\u00edpio de Miguel Pereira<\/p>\n","protected":false},"author":1,"featured_media":39021,"comment_status":"closed","ping_status":"open","sticky":false,"template":"","format":"standard","meta":{"spay_email":"","footnotes":"","jetpack_publicize_message":""},"categories":[5],"tags":[],"jetpack_featured_media_url":"https:\/\/i0.wp.com\/jornaldeitaipava.com.br\/wp-content\/uploads\/2024\/04\/1_cidade_vasco-246220.jpeg?fit=600%2C377&ssl=1","jetpack_publicize_connections":[],"jetpack_sharing_enabled":true,"jetpack_likes_enabled":true,"jetpack-related-posts":[],"_links":{"self":[{"href":"https:\/\/jornaldeitaipava.com.br\/index.php\/wp-json\/wp\/v2\/posts\/39020"}],"collection":[{"href":"https:\/\/jornaldeitaipava.com.br\/index.php\/wp-json\/wp\/v2\/posts"}],"about":[{"href":"https:\/\/jornaldeitaipava.com.br\/index.php\/wp-json\/wp\/v2\/types\/post"}],"author":[{"embeddable":true,"href":"https:\/\/jornaldeitaipava.com.br\/index.php\/wp-json\/wp\/v2\/users\/1"}],"replies":[{"embeddable":true,"href":"https:\/\/jornaldeitaipava.com.br\/index.php\/wp-json\/wp\/v2\/comments?post=39020"}],"version-history":[{"count":1,"href":"https:\/\/jornaldeitaipava.com.br\/index.php\/wp-json\/wp\/v2\/posts\/39020\/revisions"}],"predecessor-version":[{"id":39022,"href":"https:\/\/jornaldeitaipava.com.br\/index.php\/wp-json\/wp\/v2\/posts\/39020\/revisions\/39022"}],"wp:featuredmedia":[{"embeddable":true,"href":"https:\/\/jornaldeitaipava.com.br\/index.php\/wp-json\/wp\/v2\/media\/39021"}],"wp:attachment":[{"href":"https:\/\/jornaldeitaipava.com.br\/index.php\/wp-json\/wp\/v2\/media?parent=39020"}],"wp:term":[{"taxonomy":"category","embeddable":true,"href":"https:\/\/jornaldeitaipava.com.br\/index.php\/wp-json\/wp\/v2\/categories?post=39020"},{"taxonomy":"post_tag","embeddable":true,"href":"https:\/\/jornaldeitaipava.com.br\/index.php\/wp-json\/wp\/v2\/tags?post=39020"}],"curies":[{"name":"wp","href":"https:\/\/api.w.org\/{rel}","templated":true}]}}