{"id":39023,"date":"2024-04-03T09:09:13","date_gmt":"2024-04-03T12:09:13","guid":{"rendered":"http:\/\/jornaldeitaipava.com.br\/?p=39023"},"modified":"2024-04-03T09:09:14","modified_gmt":"2024-04-03T12:09:14","slug":"associacao-comercial-de-petropolis-promove-evento-para-auxiliar-empresarios-a-recuperar-valores-na-justica","status":"publish","type":"post","link":"https:\/\/jornaldeitaipava.com.br\/index.php\/2024\/04\/03\/associacao-comercial-de-petropolis-promove-evento-para-auxiliar-empresarios-a-recuperar-valores-na-justica\/","title":{"rendered":"Associa\u00e7\u00e3o Comercial de Petr\u00f3polis promove evento para auxiliar empres\u00e1rios a recuperar valores na justi\u00e7a"},"content":{"rendered":"\n<p>A ACEP &#8211; Associa\u00e7\u00e3o Comercial e Empresarial de Petr\u00f3polis est\u00e1 organizando um evento de grande relev\u00e2ncia para os empres\u00e1rios do munic\u00edpio. No pr\u00f3ximo dia 4 de abril, \u00e0s 14h, a ACEP realizar\u00e1 uma palestra sobre benef\u00edcios fiscais, destinada \u00e0s empresas que buscam reduzir sua carga tribut\u00e1ria e recuperar valores pagos indevidamente desde janeiro de 2009.<br>Com o objetivo de oferecer suporte jur\u00eddico especializado aos empres\u00e1rios, a ACEP contratou o renomado escrit\u00f3rio de advocacia Nelson Wilians &amp; Advogados Associados para orientar e auxiliar as empresas interessadas em aderir aos resultados da a\u00e7\u00e3o civil coletiva, visando garantir benef\u00edcios fiscais e restitui\u00e7\u00f5es financeiras imediatas.<br>A palestra, aberta a todas as empresas n\u00e3o enquadradas no Simples Nacional e com folha de pagamento ativa, promete ser uma oportunidade \u00edmpar para os empres\u00e1rios locais. Durante o evento, os participantes receber\u00e3o informa\u00e7\u00f5es valiosas sobre os procedimentos legais e os benef\u00edcios que podem ser obtidos por meio das a\u00e7\u00f5es judiciais coletivas.<br>A participa\u00e7\u00e3o no evento \u00e9 gratuita, por\u00e9m, \u00e9 necess\u00e1rio preencher a ficha de inscri\u00e7\u00e3o dispon\u00edvel no site oficial da ACEP (www.acep.com.br). Esta \u00e9 uma oportunidade para os empres\u00e1rios de Petr\u00f3polis agirem de forma proativa na busca pela redu\u00e7\u00e3o de custos e pela recupera\u00e7\u00e3o de valores significativos.<\/p>\n\n\n\n<p><strong>Detalhes do evento:<br><\/strong>Palestra &#8211; Benef\u00edcios Fiscais<br>Data: 04 de abril de 2024<br>Hor\u00e1rio: 14h<br>Local: Sede da ACEP &#8211; Rua Irm\u00e3os D\u2019 \u00c2ngelo, 48, 7\u00ba andar &#8211; Centro, Petr\u00f3polis\/RJ<\/p>\n\n\n\n<p>ACEP &#8211; Associa\u00e7\u00e3o Comercial e Empresarial de Petr\u00f3polis<br>Endere\u00e7o: Rua Irm\u00e3os D\u2019 \u00c2ngelo, 48, 7\u00ba andar &#8211; Centro, Petr\u00f3polis\/RJ<br>Telefone: (24) 2237-1101<br><a href=\"http:\/\/www.acep.com.br\" target=\"_blank\" rel=\"noreferrer noopener\">www.acep.com.br<\/a><\/p>\n","protected":false},"excerpt":{"rendered":"<p>A ACEP &#8211; Associa\u00e7\u00e3o Comercial e Empresarial de Petr\u00f3polis est\u00e1 organizando um evento de grande<\/p>\n","protected":false},"author":1,"featured_media":39024,"comment_status":"closed","ping_status":"open","sticky":false,"template":"","format":"standard","meta":{"spay_email":"","footnotes":"","jetpack_publicize_message":""},"categories":[2],"tags":[],"jetpack_featured_media_url":"https:\/\/i2.wp.com\/jornaldeitaipava.com.br\/wp-content\/uploads\/2024\/04\/Receita-alerta-MPEs-2-1024x576-1.png?fit=1024%2C576&ssl=1","jetpack_publicize_connections":[],"jetpack_sharing_enabled":true,"jetpack_likes_enabled":true,"jetpack-related-posts":[],"_links":{"self":[{"href":"https:\/\/jornaldeitaipava.com.br\/index.php\/wp-json\/wp\/v2\/posts\/39023"}],"collection":[{"href":"https:\/\/jornaldeitaipava.com.br\/index.php\/wp-json\/wp\/v2\/posts"}],"about":[{"href":"https:\/\/jornaldeitaipava.com.br\/index.php\/wp-json\/wp\/v2\/types\/post"}],"author":[{"embeddable":true,"href":"https:\/\/jornaldeitaipava.com.br\/index.php\/wp-json\/wp\/v2\/users\/1"}],"replies":[{"embeddable":true,"href":"https:\/\/jornaldeitaipava.com.br\/index.php\/wp-json\/wp\/v2\/comments?post=39023"}],"version-history":[{"count":1,"href":"https:\/\/jornaldeitaipava.com.br\/index.php\/wp-json\/wp\/v2\/posts\/39023\/revisions"}],"predecessor-version":[{"id":39025,"href":"https:\/\/jornaldeitaipava.com.br\/index.php\/wp-json\/wp\/v2\/posts\/39023\/revisions\/39025"}],"wp:featuredmedia":[{"embeddable":true,"href":"https:\/\/jornaldeitaipava.com.br\/index.php\/wp-json\/wp\/v2\/media\/39024"}],"wp:attachment":[{"href":"https:\/\/jornaldeitaipava.com.br\/index.php\/wp-json\/wp\/v2\/media?parent=39023"}],"wp:term":[{"taxonomy":"category","embeddable":true,"href":"https:\/\/jornaldeitaipava.com.br\/index.php\/wp-json\/wp\/v2\/categories?post=39023"},{"taxonomy":"post_tag","embeddable":true,"href":"https:\/\/jornaldeitaipava.com.br\/index.php\/wp-json\/wp\/v2\/tags?post=39023"}],"curies":[{"name":"wp","href":"https:\/\/api.w.org\/{rel}","templated":true}]}}