{"id":39026,"date":"2024-04-03T09:11:50","date_gmt":"2024-04-03T12:11:50","guid":{"rendered":"http:\/\/jornaldeitaipava.com.br\/?p=39026"},"modified":"2024-04-03T09:11:52","modified_gmt":"2024-04-03T12:11:52","slug":"fim-de-semana-da-saude-dia-mundial-da-atividade-fisica-e-dia-mundial-da-saude-sao-comemorados-nos-dias-6-e-7-de-abril","status":"publish","type":"post","link":"https:\/\/jornaldeitaipava.com.br\/index.php\/2024\/04\/03\/fim-de-semana-da-saude-dia-mundial-da-atividade-fisica-e-dia-mundial-da-saude-sao-comemorados-nos-dias-6-e-7-de-abril\/","title":{"rendered":"Fim de semana da sa\u00fade: Dia Mundial da Atividade F\u00edsica e Dia Mundial da Sa\u00fade s\u00e3o comemorados nos dias 6 e 7 de abril"},"content":{"rendered":"\n<p>Na mesma semana, Academia AC Fit celebra dois anos no mercado se destacando pela excel\u00eancia<br>No dia 6 de abril, pr\u00f3ximo s\u00e1bado, \u00e9 celebrado o Dia Mundial da Atividade F\u00edsica. A data, criada pela Organiza\u00e7\u00e3o Mundial da Sa\u00fade (OMS), tem o objetivo de destacar a import\u00e2ncia de ter a atividade f\u00edsica na rotina humana, al\u00e9m de ser extremamente ben\u00e9fica \u00e0 sa\u00fade, evitando a obesidade, reduzindo a press\u00e3o arterial e o estresse, e garantindo uma melhora na autoestima. No dia seguinte, 7 de abril, \u00e9 celebrado o Dia Mundial da Sa\u00fade, que tem como objetivo chamar a aten\u00e7\u00e3o para a conscientiza\u00e7\u00e3o sobre o tema e estimular a cria\u00e7\u00e3o de pol\u00edticas voltadas ao bem-estar da popula\u00e7\u00e3o.<br>O primeiro fim de semana de abril enfatiza a rela\u00e7\u00e3o entre os dois temas: a sa\u00fade est\u00e1 diretamente ligada \u00e0 pr\u00e1tica de atividades f\u00edsicas. E n\u00e3o como coincid\u00eancia, a Academia AC Fit completa na mesma semana, no dia 1\u00ba de abril, dois anos de sua funda\u00e7\u00e3o. Assim como a OMS, uma das miss\u00f5es da academia \u00e9 combater o sedentarismo e estimular o pleno desenvolvimento humano atrav\u00e9s da atividade f\u00edsica. H\u00e1 dois anos, a AC Fit est\u00e1 cumprindo sua meta de ser refer\u00eancia, n\u00e3o s\u00f3 em Petr\u00f3polis, como em todo o estado do Rio de Janeiro.<br>Para celebrar as datas, no s\u00e1bado (6), haver\u00e1 um evento especial com aulas coletivas para todos os gostos, al\u00e9m de parab\u00e9ns e comes e bebes liberados para os alunos. A programa\u00e7\u00e3o come\u00e7a \u00e0s 8h, com Bike Indoor com os professores Ad\u00edlio e Pamela. Em seguida, \u00e0s 8h30, haver\u00e1 TS Training com a professora Tati. \u00c0s 9h30, ter\u00e1 mais uma aula de Bike Indoor, desta vez com as professoras Giulia e Bia. E \u00e0s 9h15, ter\u00e1 in\u00edcio o torneio de Beach T\u00eanis, para os amantes do esporte. J\u00e1 \u00e0s 10h, o ritmo agita com a aula de dan\u00e7a dos professores Nilson e Cadu. No mesmo hor\u00e1rio, \u00e0s 10h, ser\u00e1 a hora de lan\u00e7ar uma novidade na academia: um aul\u00e3o de WolfFit. Pela primeira vez na academia, a professora Bia, vai apresentar o m\u00e9todo que \u00e9 um treinamento coletivo com aula de gin\u00e1stica localizada. E \u00e0s 10h40, as aulas se encerram com um aul\u00e3o de abd\u00f4men e alongamento com o professor Gabriel.<br>Pensando no bem-estar das pessoas, a academia AC Fit conta hoje com profissionais altamente qualificados, excel\u00eancia em equipamentos, metodologias atualizadas e atendimento personalizado. \u201cQuando come\u00e7amos, \u00e9ramos alunos e colaboradores, hoje somos uma grande fam\u00edlia. \u00c9 uma academia que vive para cuidar das pessoas, n\u00e3o \u00e9 \u00e0 toa que o nosso slogan \u00e9: Pessoas cuidando de pessoas!\u201d, disse o educador f\u00edsico e propriet\u00e1rio da academia, Antonio Caputo.<br>Alinhando o pensamento diretamente com os conceitos de sa\u00fade da OMS, a AC Fit oferece, diariamente, espa\u00e7o para muscula\u00e7\u00e3o, exerc\u00edcios aer\u00f3bicos, al\u00e9m de aulas coletivas. Al\u00e9m disso, o espa\u00e7o tem em sua grade de hor\u00e1rios, aulas de pilates com Mirian Muniz, aulas de ballet com a professora Luiza Pess\u00f4a e karat\u00ea, com o professor Francisco Paix\u00e3o.<br>\u201cA expectativa para os pr\u00f3ximos anos de AC Fit \u00e9 continuar inovando. Nossa meta \u00e9 crescer e fazer com que o nosso prop\u00f3sito, de cuidar de pessoas, atinja um maior n\u00famero de pessoas e a gente possa estimular que elas sejam fisicamente ativas, felizes e saud\u00e1veis\u201d, disse Antonio Caputo.<br>A AC Fit fica na Rua Major Serpa, no n\u00famero 106, em Itaipava, e funciona de segunda \u00e0 sexta-feira de 6h \u00e0s 21h e no s\u00e1bado e domingo, de 8h \u00e0s 12h.<\/p>\n\n\n\n<p><strong>SERVI\u00c7O:<br><\/strong>Anivers\u00e1rio AC Fit:<br>Data: 06\/04\/2024<br>Hor\u00e1rio: 8h<br>Endere\u00e7o: Rua Major Serpa, 106, Itaipava.<\/p>\n","protected":false},"excerpt":{"rendered":"<p>Na mesma semana, Academia AC Fit celebra dois anos no mercado se destacando pela excel\u00eanciaNo<\/p>\n","protected":false},"author":1,"featured_media":39027,"comment_status":"closed","ping_status":"open","sticky":false,"template":"","format":"standard","meta":{"spay_email":"","footnotes":"","jetpack_publicize_message":""},"categories":[9],"tags":[],"jetpack_featured_media_url":"https:\/\/i2.wp.com\/jornaldeitaipava.com.br\/wp-content\/uploads\/2024\/04\/WhatsApp-Image-2024-04-02-at-8.32.44-AM.jpeg?fit=1600%2C900&ssl=1","jetpack_publicize_connections":[],"jetpack_sharing_enabled":true,"jetpack_likes_enabled":true,"jetpack-related-posts":[],"_links":{"self":[{"href":"https:\/\/jornaldeitaipava.com.br\/index.php\/wp-json\/wp\/v2\/posts\/39026"}],"collection":[{"href":"https:\/\/jornaldeitaipava.com.br\/index.php\/wp-json\/wp\/v2\/posts"}],"about":[{"href":"https:\/\/jornaldeitaipava.com.br\/index.php\/wp-json\/wp\/v2\/types\/post"}],"author":[{"embeddable":true,"href":"https:\/\/jornaldeitaipava.com.br\/index.php\/wp-json\/wp\/v2\/users\/1"}],"replies":[{"embeddable":true,"href":"https:\/\/jornaldeitaipava.com.br\/index.php\/wp-json\/wp\/v2\/comments?post=39026"}],"version-history":[{"count":1,"href":"https:\/\/jornaldeitaipava.com.br\/index.php\/wp-json\/wp\/v2\/posts\/39026\/revisions"}],"predecessor-version":[{"id":39028,"href":"https:\/\/jornaldeitaipava.com.br\/index.php\/wp-json\/wp\/v2\/posts\/39026\/revisions\/39028"}],"wp:featuredmedia":[{"embeddable":true,"href":"https:\/\/jornaldeitaipava.com.br\/index.php\/wp-json\/wp\/v2\/media\/39027"}],"wp:attachment":[{"href":"https:\/\/jornaldeitaipava.com.br\/index.php\/wp-json\/wp\/v2\/media?parent=39026"}],"wp:term":[{"taxonomy":"category","embeddable":true,"href":"https:\/\/jornaldeitaipava.com.br\/index.php\/wp-json\/wp\/v2\/categories?post=39026"},{"taxonomy":"post_tag","embeddable":true,"href":"https:\/\/jornaldeitaipava.com.br\/index.php\/wp-json\/wp\/v2\/tags?post=39026"}],"curies":[{"name":"wp","href":"https:\/\/api.w.org\/{rel}","templated":true}]}}