{"id":39033,"date":"2024-04-03T09:14:26","date_gmt":"2024-04-03T12:14:26","guid":{"rendered":"http:\/\/jornaldeitaipava.com.br\/?p=39033"},"modified":"2024-04-03T09:14:30","modified_gmt":"2024-04-03T12:14:30","slug":"prefeitura-e-cef-buscam-liberacao-de-fgts-para-moradores-de-areas-atingidas-pelas-chuvas","status":"publish","type":"post","link":"https:\/\/jornaldeitaipava.com.br\/index.php\/2024\/04\/03\/prefeitura-e-cef-buscam-liberacao-de-fgts-para-moradores-de-areas-atingidas-pelas-chuvas\/","title":{"rendered":"Prefeitura e CEF buscam libera\u00e7\u00e3o de FGTS para moradores de \u00e1reas atingidas pelas chuvas"},"content":{"rendered":"\n<p>Representantes da Prefeitura e da Caixa Econ\u00f4mica Federal v\u00eam se reunindo, desde a semana passada, para alinhar a libera\u00e7\u00e3o do FGTS (Fundo de Garantia do Tempo de Servi\u00e7o) para os moradores das \u00e1reas atingidas pelas chuvas do fim de mar\u00e7o.<br>\u00c9 o Saque Calamidade: modalidade de saque prevista pela Caixa para cidades que tenham sofrido desastre natural.<br>\u201cLogo no dia seguinte \u00e0s chuvas daquela sexta-feira, 22 de mar\u00e7o, j\u00e1 decidimos pela decreta\u00e7\u00e3o da situa\u00e7\u00e3o de emerg\u00eancia em Petr\u00f3polis. A situa\u00e7\u00e3o de emerg\u00eancia j\u00e1 foi reconhecida pelo Minist\u00e9rio da Integra\u00e7\u00e3o e do Desenvolvimento Regional e tamb\u00e9m pelo Executivo estadual. E isso possibilita a libera\u00e7\u00e3o do FGTS para os moradores das \u00e1reas atingidas. Tenho certeza de que ser\u00e1 uma ajuda importante para quem teve preju\u00edzos com as chuvas\u201d, disse o prefeito Rubens Bomtempo.<br>O valor do saque ser\u00e1 o saldo dispon\u00edvel na conta do FGTS do trabalhador na data da solicita\u00e7\u00e3o (limitado a R$ 6.220).<br>\u201cEstamos desde o dia 23, dia da decreta\u00e7\u00e3o da situa\u00e7\u00e3o de emerg\u00eancia, em conversa com o Minist\u00e9rio P\u00fablico Federal e a Caixa Econ\u00f4mica. Tenho certeza que essa libera\u00e7\u00e3o vai acontecer. Agora, estamos nos tr\u00e2mites burocr\u00e1ticos para viabilizar isso. Uma das quest\u00f5es que estamos ajustando, por exemplo, \u00e9 a \u00e1rea de abrang\u00eancia. Estamos tentando viabilizar a libera\u00e7\u00e3o do FGTS por bairro, e n\u00e3o por rua, para facilitar o processo. Ap\u00f3s as reuni\u00f5es com a Caixa, a Prefeitura j\u00e1 enviou as documenta\u00e7\u00f5es necess\u00e1rias e os bairros atingidos\u201d, disse o secret\u00e1rio de Defesa Civil, Rafael Sim\u00e3o.<br>A orienta\u00e7\u00e3o \u00e9 para que a popula\u00e7\u00e3o siga acompanhando a Prefeitura no site (www.petropolis.rj.gov.br) e no Instagram (@petropolis_pmp). Assim que a libera\u00e7\u00e3o for confirmada, as orienta\u00e7\u00f5es aos benefici\u00e1rios ser\u00e3o divulgadas nesses canais.<\/p>\n","protected":false},"excerpt":{"rendered":"<p>Representantes da Prefeitura e da Caixa Econ\u00f4mica Federal v\u00eam se reunindo, desde a semana passada,<\/p>\n","protected":false},"author":1,"featured_media":7591,"comment_status":"closed","ping_status":"open","sticky":false,"template":"","format":"standard","meta":{"spay_email":"","footnotes":"","jetpack_publicize_message":""},"categories":[24],"tags":[],"jetpack_featured_media_url":"https:\/\/i1.wp.com\/jornaldeitaipava.com.br\/wp-content\/uploads\/2020\/12\/DINHEIRO-3.jpg?fit=1920%2C1080&ssl=1","jetpack_publicize_connections":[],"jetpack_sharing_enabled":true,"jetpack_likes_enabled":true,"jetpack-related-posts":[],"_links":{"self":[{"href":"https:\/\/jornaldeitaipava.com.br\/index.php\/wp-json\/wp\/v2\/posts\/39033"}],"collection":[{"href":"https:\/\/jornaldeitaipava.com.br\/index.php\/wp-json\/wp\/v2\/posts"}],"about":[{"href":"https:\/\/jornaldeitaipava.com.br\/index.php\/wp-json\/wp\/v2\/types\/post"}],"author":[{"embeddable":true,"href":"https:\/\/jornaldeitaipava.com.br\/index.php\/wp-json\/wp\/v2\/users\/1"}],"replies":[{"embeddable":true,"href":"https:\/\/jornaldeitaipava.com.br\/index.php\/wp-json\/wp\/v2\/comments?post=39033"}],"version-history":[{"count":1,"href":"https:\/\/jornaldeitaipava.com.br\/index.php\/wp-json\/wp\/v2\/posts\/39033\/revisions"}],"predecessor-version":[{"id":39034,"href":"https:\/\/jornaldeitaipava.com.br\/index.php\/wp-json\/wp\/v2\/posts\/39033\/revisions\/39034"}],"wp:featuredmedia":[{"embeddable":true,"href":"https:\/\/jornaldeitaipava.com.br\/index.php\/wp-json\/wp\/v2\/media\/7591"}],"wp:attachment":[{"href":"https:\/\/jornaldeitaipava.com.br\/index.php\/wp-json\/wp\/v2\/media?parent=39033"}],"wp:term":[{"taxonomy":"category","embeddable":true,"href":"https:\/\/jornaldeitaipava.com.br\/index.php\/wp-json\/wp\/v2\/categories?post=39033"},{"taxonomy":"post_tag","embeddable":true,"href":"https:\/\/jornaldeitaipava.com.br\/index.php\/wp-json\/wp\/v2\/tags?post=39033"}],"curies":[{"name":"wp","href":"https:\/\/api.w.org\/{rel}","templated":true}]}}