{"id":39046,"date":"2024-04-03T09:27:35","date_gmt":"2024-04-03T12:27:35","guid":{"rendered":"http:\/\/jornaldeitaipava.com.br\/?p=39046"},"modified":"2024-04-03T09:27:38","modified_gmt":"2024-04-03T12:27:38","slug":"vereador-quer-criacao-de-casa-de-acolhimento-para-mulheres-vitimas-de-violencia-domestica-em-petropolis","status":"publish","type":"post","link":"https:\/\/jornaldeitaipava.com.br\/index.php\/2024\/04\/03\/vereador-quer-criacao-de-casa-de-acolhimento-para-mulheres-vitimas-de-violencia-domestica-em-petropolis\/","title":{"rendered":"Vereador quer cria\u00e7\u00e3o de casa de acolhimento para mulheres v\u00edtimas de viol\u00eancia dom\u00e9stica em Petr\u00f3polis"},"content":{"rendered":"\n<p>O m\u00eas de mar\u00e7o \u00e9 marcado pelo Dia Internacional da Mulher e, ao longo do per\u00edodo, s\u00e3o realizadas diversas celebra\u00e7\u00f5es e a\u00e7\u00f5es que nos lembram da import\u00e2ncia da mulher e da luta por uma sociedade mais justa, igualit\u00e1ria e sobretudo segura para elas. Em Petr\u00f3polis , a legisla\u00e7\u00e3o vem avan\u00e7ando neste sentido, com projetos em andamento e leis vigentes que asseguram mais seguran\u00e7a e direitos.<br>Uma Indica\u00e7\u00e3o do vereador Eduardo do Blog, ainda tramitando na C\u00e2mara Municipal, sugere ao Executivo uma parceria com o governo do Estado para a cria\u00e7\u00e3o da &#8220;Casa do Direito da Mulher Daniella Perez&#8221;, para atender v\u00edtimas de viol\u00eancia dom\u00e9stica em toda a cidade. A ideia \u00e9 oferecer no espa\u00e7o, al\u00e9m de abrigo seguro, atendimentos jur\u00eddico, psicol\u00f3gico e social. O nome \u00e9 uma homenagem \u00e0 atriz Daniella Perez, morta pelo tamb\u00e9m ator e seu marido Guilherme de P\u00e1dua, em dezembro de 1992.<br>&#8220;O espa\u00e7o vir\u00e1 para somar a outras a\u00e7\u00f5es do Governo do Estado, como a Patrulha Maria da Penha &#8211; Guardi\u00f5es da Vida que atua preventivamente, tendo como foco o acompanhamento e monitoramento das medidas protetivas emitidas pelo judici\u00e1rio. A viol\u00eancia contra mulher \u00e9 um grave problema social que afeta diariamente muitas fam\u00edlias do nosso Estado&#8221;, explica o vereador.<\/p>\n\n\n<div class=\"wp-block-image\">\n<figure class=\"aligncenter size-large is-resized\"><img loading=\"lazy\" decoding=\"async\" width=\"640\" height=\"480\" data-attachment-id=\"39047\" data-permalink=\"https:\/\/jornaldeitaipava.com.br\/index.php\/2024\/04\/03\/vereador-quer-criacao-de-casa-de-acolhimento-para-mulheres-vitimas-de-violencia-domestica-em-petropolis\/whatsapp-image-2024-04-02-at-5-44-22-pm\/\" data-orig-file=\"https:\/\/i0.wp.com\/jornaldeitaipava.com.br\/wp-content\/uploads\/2024\/04\/WhatsApp-Image-2024-04-02-at-5.44.22-PM.jpeg?fit=1600%2C1200&amp;ssl=1\" data-orig-size=\"1600,1200\" data-comments-opened=\"0\" data-image-meta=\"{&quot;aperture&quot;:&quot;0&quot;,&quot;credit&quot;:&quot;&quot;,&quot;camera&quot;:&quot;&quot;,&quot;caption&quot;:&quot;&quot;,&quot;created_timestamp&quot;:&quot;0&quot;,&quot;copyright&quot;:&quot;&quot;,&quot;focal_length&quot;:&quot;0&quot;,&quot;iso&quot;:&quot;0&quot;,&quot;shutter_speed&quot;:&quot;0&quot;,&quot;title&quot;:&quot;&quot;,&quot;orientation&quot;:&quot;0&quot;}\" data-image-title=\"WhatsApp Image 2024-04-02 at 5.44.22 PM\" data-image-description=\"\" data-medium-file=\"https:\/\/i0.wp.com\/jornaldeitaipava.com.br\/wp-content\/uploads\/2024\/04\/WhatsApp-Image-2024-04-02-at-5.44.22-PM.jpeg?fit=300%2C225&amp;ssl=1\" data-large-file=\"https:\/\/i0.wp.com\/jornaldeitaipava.com.br\/wp-content\/uploads\/2024\/04\/WhatsApp-Image-2024-04-02-at-5.44.22-PM.jpeg?fit=640%2C480&amp;ssl=1\" src=\"https:\/\/i0.wp.com\/jornaldeitaipava.com.br\/wp-content\/uploads\/2024\/04\/WhatsApp-Image-2024-04-02-at-5.44.22-PM.jpeg?resize=640%2C480\" alt=\"\" class=\"wp-image-39047\" style=\"width:514px;height:auto\" srcset=\"https:\/\/i0.wp.com\/jornaldeitaipava.com.br\/wp-content\/uploads\/2024\/04\/WhatsApp-Image-2024-04-02-at-5.44.22-PM.jpeg?resize=1024%2C768&amp;ssl=1 1024w, https:\/\/i0.wp.com\/jornaldeitaipava.com.br\/wp-content\/uploads\/2024\/04\/WhatsApp-Image-2024-04-02-at-5.44.22-PM.jpeg?resize=300%2C225&amp;ssl=1 300w, https:\/\/i0.wp.com\/jornaldeitaipava.com.br\/wp-content\/uploads\/2024\/04\/WhatsApp-Image-2024-04-02-at-5.44.22-PM.jpeg?resize=768%2C576&amp;ssl=1 768w, https:\/\/i0.wp.com\/jornaldeitaipava.com.br\/wp-content\/uploads\/2024\/04\/WhatsApp-Image-2024-04-02-at-5.44.22-PM.jpeg?resize=1536%2C1152&amp;ssl=1 1536w, https:\/\/i0.wp.com\/jornaldeitaipava.com.br\/wp-content\/uploads\/2024\/04\/WhatsApp-Image-2024-04-02-at-5.44.22-PM.jpeg?w=1600&amp;ssl=1 1600w, https:\/\/i0.wp.com\/jornaldeitaipava.com.br\/wp-content\/uploads\/2024\/04\/WhatsApp-Image-2024-04-02-at-5.44.22-PM.jpeg?w=1280 1280w\" sizes=\"(max-width: 640px) 100vw, 640px\" data-recalc-dims=\"1\" \/><figcaption class=\"wp-element-caption\">Vereador Eduardo do Blog.<\/figcaption><\/figure><\/div>\n\n\n<p><strong>Conhe\u00e7a outras leis de prote\u00e7\u00e3o \u00e0 mulher na cidade<br><\/strong>Em Petr\u00f3polis, leis municipais t\u00eam se somado ao esfor\u00e7o de combate a essa forma de viol\u00eancia. Duas delas, tamb\u00e9m de autoria do Vereador Eduardo do Blog, j\u00e1 foram sancionadas pelo Poder Executivo. A Lei n\u00ba 8.189\/2021, por exemplo, estabeleceu a campanha &#8220;16 Dias de Ativismo pelo Fim da Viol\u00eancia Contra a Mulher&#8221;, ocorrida entre novembro e dezembro, abrangendo uma s\u00e9rie de a\u00e7\u00f5es socioeducativas e preventivas.<br>Outra iniciativa do parlamentar \u00e9 a Lei 8.207\/2021, que exige de condom\u00ednios residenciais e comerciais a notifica\u00e7\u00e3o \u00e0s autoridades competentes sobre casos de maus-tratos ou viol\u00eancia dom\u00e9stica. Essa Lei contempla tamb\u00e9m crian\u00e7as, idosos e pessoas com defici\u00eancia, al\u00e9m de exigir a exposi\u00e7\u00e3o de placas ou cartazes com os n\u00fameros de canais de assist\u00eancia nos locais.<br>A esfera de prote\u00e7\u00e3o \u00e0s mulheres \u00e9 ampliada ainda pela Lei 8.263\/2022, que institui o &#8220;M\u00eas de Conscientiza\u00e7\u00e3o contra a Viol\u00eancia Obst\u00e9trica&#8221;. Realizada em novembro, essa campanha busca unir esfor\u00e7os entre o Poder Legislativo, Executivo, empresas privadas e entidades civis, a fim de conscientizar sobre essa quest\u00e3o, que afeta gestantes, parturientes e pu\u00e9rperas.<br>&#8220;Atrav\u00e9s destes dispositivos buscamos fortalecer a luta contra a viol\u00eancia contra a mulher em diversas esferas e assegurar uma sociedade mais justa e segura. S\u00e3o iniciativas que refletem nosso compromisso e respeito pelas mulheres&#8221;, finaliza Eduardo.<\/p>\n","protected":false},"excerpt":{"rendered":"<p>O m\u00eas de mar\u00e7o \u00e9 marcado pelo Dia Internacional da Mulher e, ao longo do<\/p>\n","protected":false},"author":1,"featured_media":35087,"comment_status":"closed","ping_status":"open","sticky":false,"template":"","format":"standard","meta":{"spay_email":"","footnotes":"","jetpack_publicize_message":""},"categories":[2],"tags":[],"jetpack_featured_media_url":"https:\/\/i2.wp.com\/jornaldeitaipava.com.br\/wp-content\/uploads\/2023\/05\/VIOLENCIA-INFANTIL-EBC.png?fit=1032%2C596&ssl=1","jetpack_publicize_connections":[],"jetpack_sharing_enabled":true,"jetpack_likes_enabled":true,"jetpack-related-posts":[],"_links":{"self":[{"href":"https:\/\/jornaldeitaipava.com.br\/index.php\/wp-json\/wp\/v2\/posts\/39046"}],"collection":[{"href":"https:\/\/jornaldeitaipava.com.br\/index.php\/wp-json\/wp\/v2\/posts"}],"about":[{"href":"https:\/\/jornaldeitaipava.com.br\/index.php\/wp-json\/wp\/v2\/types\/post"}],"author":[{"embeddable":true,"href":"https:\/\/jornaldeitaipava.com.br\/index.php\/wp-json\/wp\/v2\/users\/1"}],"replies":[{"embeddable":true,"href":"https:\/\/jornaldeitaipava.com.br\/index.php\/wp-json\/wp\/v2\/comments?post=39046"}],"version-history":[{"count":1,"href":"https:\/\/jornaldeitaipava.com.br\/index.php\/wp-json\/wp\/v2\/posts\/39046\/revisions"}],"predecessor-version":[{"id":39048,"href":"https:\/\/jornaldeitaipava.com.br\/index.php\/wp-json\/wp\/v2\/posts\/39046\/revisions\/39048"}],"wp:featuredmedia":[{"embeddable":true,"href":"https:\/\/jornaldeitaipava.com.br\/index.php\/wp-json\/wp\/v2\/media\/35087"}],"wp:attachment":[{"href":"https:\/\/jornaldeitaipava.com.br\/index.php\/wp-json\/wp\/v2\/media?parent=39046"}],"wp:term":[{"taxonomy":"category","embeddable":true,"href":"https:\/\/jornaldeitaipava.com.br\/index.php\/wp-json\/wp\/v2\/categories?post=39046"},{"taxonomy":"post_tag","embeddable":true,"href":"https:\/\/jornaldeitaipava.com.br\/index.php\/wp-json\/wp\/v2\/tags?post=39046"}],"curies":[{"name":"wp","href":"https:\/\/api.w.org\/{rel}","templated":true}]}}