{"id":39052,"date":"2024-04-03T09:37:05","date_gmt":"2024-04-03T12:37:05","guid":{"rendered":"http:\/\/jornaldeitaipava.com.br\/?p=39052"},"modified":"2024-04-03T09:37:07","modified_gmt":"2024-04-03T12:37:07","slug":"prefeitura-de-cabo-frio-promove-projeto-educacional-trilhas-park","status":"publish","type":"post","link":"https:\/\/jornaldeitaipava.com.br\/index.php\/2024\/04\/03\/prefeitura-de-cabo-frio-promove-projeto-educacional-trilhas-park\/","title":{"rendered":"Prefeitura de Cabo Frio promove projeto educacional \u201cTrilhas Park\u201d"},"content":{"rendered":"\n<p class=\"has-text-align-center\">Iniciativa da Secretaria de Educa\u00e7\u00e3o incentiva a educa\u00e7\u00e3o ambiental, o turismo sustent\u00e1vel e a preserva\u00e7\u00e3o dos ecossistemas locais<\/p>\n\n\n\n<p><br>A Prefeitura Municipal de Cabo Frio, em uma iniciativa conjunta das Secretarias de Educa\u00e7\u00e3o; de Turismo, Esporte e Lazer e de Meio Ambiente e Saneamento, est\u00e1 promovendo mais uma edi\u00e7\u00e3o do projeto Trilhas Park. Desenvolvido pela Coordenadoria de Projetos da Secretaria de Educa\u00e7\u00e3o, o projeto tem como objetivo proporcionar experi\u00eancias educativas enriquecedoras sobre o patrim\u00f4nio natural do munic\u00edpio de Cabo Frio.<br>Nesta segunda-feira (1\u00ba) foi realizada a primeira visita do projeto com os professores que participaram da Forma\u00e7\u00e3o Continuada, que foram conduzidos pelos especialistas Marcos Felipe Vargas da Silva, bi\u00f3logo da Secretaria de Meio Ambiente, e M\u00f4nica Teixeira de Aguiar, condutora do Parque Ecol\u00f3gico Costa do Sol, da Secretaria de Turismo, Esporte e Lazer.<br>Durante esta etapa inicial, os professores foram levados ao Parque Natural Municipal Dormit\u00f3rio das Gar\u00e7as e ao Parque da Boca da Barra, explorando as caracter\u00edsticas \u00fanicas da fauna, flora, geologia e potencial tur\u00edstico sustent\u00e1vel dessas \u00e1reas de conserva\u00e7\u00e3o.<br>A pr\u00f3xima etapa do projeto est\u00e1 marcada para o dia 8 de abril, quando os participantes visitar\u00e3o a Fazenda Campos Novos e o Parque Natural Municipal do Mico-Le\u00e3o-Dourado.<br>O projeto Trilhas Park representa um compromisso cont\u00ednuo da Prefeitura de Cabo Frio em promover a educa\u00e7\u00e3o ambiental, o turismo sustent\u00e1vel e a preserva\u00e7\u00e3o dos ecossistemas locais.<\/p>\n","protected":false},"excerpt":{"rendered":"<p>Iniciativa da Secretaria de Educa\u00e7\u00e3o incentiva a educa\u00e7\u00e3o ambiental, o turismo sustent\u00e1vel e a preserva\u00e7\u00e3o<\/p>\n","protected":false},"author":1,"featured_media":39053,"comment_status":"closed","ping_status":"open","sticky":false,"template":"","format":"standard","meta":{"spay_email":"","footnotes":"","jetpack_publicize_message":""},"categories":[5],"tags":[],"jetpack_featured_media_url":"https:\/\/i1.wp.com\/jornaldeitaipava.com.br\/wp-content\/uploads\/2024\/04\/CF.jpeg?fit=1200%2C647&ssl=1","jetpack_publicize_connections":[],"jetpack_sharing_enabled":true,"jetpack_likes_enabled":true,"jetpack-related-posts":[],"_links":{"self":[{"href":"https:\/\/jornaldeitaipava.com.br\/index.php\/wp-json\/wp\/v2\/posts\/39052"}],"collection":[{"href":"https:\/\/jornaldeitaipava.com.br\/index.php\/wp-json\/wp\/v2\/posts"}],"about":[{"href":"https:\/\/jornaldeitaipava.com.br\/index.php\/wp-json\/wp\/v2\/types\/post"}],"author":[{"embeddable":true,"href":"https:\/\/jornaldeitaipava.com.br\/index.php\/wp-json\/wp\/v2\/users\/1"}],"replies":[{"embeddable":true,"href":"https:\/\/jornaldeitaipava.com.br\/index.php\/wp-json\/wp\/v2\/comments?post=39052"}],"version-history":[{"count":1,"href":"https:\/\/jornaldeitaipava.com.br\/index.php\/wp-json\/wp\/v2\/posts\/39052\/revisions"}],"predecessor-version":[{"id":39054,"href":"https:\/\/jornaldeitaipava.com.br\/index.php\/wp-json\/wp\/v2\/posts\/39052\/revisions\/39054"}],"wp:featuredmedia":[{"embeddable":true,"href":"https:\/\/jornaldeitaipava.com.br\/index.php\/wp-json\/wp\/v2\/media\/39053"}],"wp:attachment":[{"href":"https:\/\/jornaldeitaipava.com.br\/index.php\/wp-json\/wp\/v2\/media?parent=39052"}],"wp:term":[{"taxonomy":"category","embeddable":true,"href":"https:\/\/jornaldeitaipava.com.br\/index.php\/wp-json\/wp\/v2\/categories?post=39052"},{"taxonomy":"post_tag","embeddable":true,"href":"https:\/\/jornaldeitaipava.com.br\/index.php\/wp-json\/wp\/v2\/tags?post=39052"}],"curies":[{"name":"wp","href":"https:\/\/api.w.org\/{rel}","templated":true}]}}