{"id":39056,"date":"2024-04-03T12:37:43","date_gmt":"2024-04-03T15:37:43","guid":{"rendered":"http:\/\/jornaldeitaipava.com.br\/?p=39056"},"modified":"2024-04-03T12:37:46","modified_gmt":"2024-04-03T15:37:46","slug":"pre-inscricoes-para-2a-copa-das-comunidades-vao-ate-o-dia-20-04","status":"publish","type":"post","link":"https:\/\/jornaldeitaipava.com.br\/index.php\/2024\/04\/03\/pre-inscricoes-para-2a-copa-das-comunidades-vao-ate-o-dia-20-04\/","title":{"rendered":"Pr\u00e9-inscri\u00e7\u00f5es para 2\u00aa Copa das Comunidades v\u00e3o at\u00e9 o dia 20\/04"},"content":{"rendered":"\n<p>Se voc\u00ea \u00e9 f\u00e3 de futebol society e quer representar sua comunidade em uma competi\u00e7\u00e3o, inscreva-se at\u00e9 o dia 20 de abril na 2\u00aa Copa das Comunidades! A a\u00e7\u00e3o \u00e9 realizada pela Prefeitura, por meio da Secretaria de Esportes, e as pr\u00e9-inscri\u00e7\u00f5es podem ser feitas atrav\u00e9s do link contido na bio do Instagram da Prefeitura ou no site da Prefeitura.<br>A partir das pr\u00e9-inscri\u00e7\u00f5es, a comiss\u00e3o organizadora escolher\u00e1 as equipes definitivas para a competi\u00e7\u00e3o, que tem previs\u00e3o de in\u00edcio para o m\u00eas de maio. \u201cA primeira edi\u00e7\u00e3o da Copa das Comunidades foi um sucesso e continuaremos com este projeto que visa incentivar os h\u00e1bitos desportivos e promover, sobretudo, alegria e lazer\u201d, observa o prefeito Rubens Bomtempo.<br>As equipes que forem selecionadas participar\u00e3o de um congresso t\u00e9cnico para que os participantes conhe\u00e7am o regulamento, as regras e condutas a serem seguidas durante os jogos.<br>\u201cJ\u00e1 temos 30 equipes confirmadas, que participaram da primeira copa, encerrada neste m\u00eas de mar\u00e7o. Ap\u00f3s o encerramento das pr\u00e9-inscri\u00e7\u00f5es prosseguiremos com a sele\u00e7\u00e3o das equipes e organiza\u00e7\u00e3o das chaves e jogos\u201d, encerra o secret\u00e1rio de Esportes, Thiago Fran\u00e7a.<\/p>\n","protected":false},"excerpt":{"rendered":"<p>Se voc\u00ea \u00e9 f\u00e3 de futebol society e quer representar sua comunidade em uma competi\u00e7\u00e3o,<\/p>\n","protected":false},"author":1,"featured_media":39057,"comment_status":"closed","ping_status":"open","sticky":false,"template":"","format":"standard","meta":{"spay_email":"","footnotes":"","jetpack_publicize_message":""},"categories":[9],"tags":[],"jetpack_featured_media_url":"https:\/\/i2.wp.com\/jornaldeitaipava.com.br\/wp-content\/uploads\/2024\/04\/society.png?fit=462%2C311&ssl=1","jetpack_publicize_connections":[],"jetpack_sharing_enabled":true,"jetpack_likes_enabled":true,"jetpack-related-posts":[],"_links":{"self":[{"href":"https:\/\/jornaldeitaipava.com.br\/index.php\/wp-json\/wp\/v2\/posts\/39056"}],"collection":[{"href":"https:\/\/jornaldeitaipava.com.br\/index.php\/wp-json\/wp\/v2\/posts"}],"about":[{"href":"https:\/\/jornaldeitaipava.com.br\/index.php\/wp-json\/wp\/v2\/types\/post"}],"author":[{"embeddable":true,"href":"https:\/\/jornaldeitaipava.com.br\/index.php\/wp-json\/wp\/v2\/users\/1"}],"replies":[{"embeddable":true,"href":"https:\/\/jornaldeitaipava.com.br\/index.php\/wp-json\/wp\/v2\/comments?post=39056"}],"version-history":[{"count":1,"href":"https:\/\/jornaldeitaipava.com.br\/index.php\/wp-json\/wp\/v2\/posts\/39056\/revisions"}],"predecessor-version":[{"id":39058,"href":"https:\/\/jornaldeitaipava.com.br\/index.php\/wp-json\/wp\/v2\/posts\/39056\/revisions\/39058"}],"wp:featuredmedia":[{"embeddable":true,"href":"https:\/\/jornaldeitaipava.com.br\/index.php\/wp-json\/wp\/v2\/media\/39057"}],"wp:attachment":[{"href":"https:\/\/jornaldeitaipava.com.br\/index.php\/wp-json\/wp\/v2\/media?parent=39056"}],"wp:term":[{"taxonomy":"category","embeddable":true,"href":"https:\/\/jornaldeitaipava.com.br\/index.php\/wp-json\/wp\/v2\/categories?post=39056"},{"taxonomy":"post_tag","embeddable":true,"href":"https:\/\/jornaldeitaipava.com.br\/index.php\/wp-json\/wp\/v2\/tags?post=39056"}],"curies":[{"name":"wp","href":"https:\/\/api.w.org\/{rel}","templated":true}]}}