{"id":39059,"date":"2024-04-03T12:42:08","date_gmt":"2024-04-03T15:42:08","guid":{"rendered":"http:\/\/jornaldeitaipava.com.br\/?p=39059"},"modified":"2024-04-03T12:42:12","modified_gmt":"2024-04-03T15:42:12","slug":"prefeitura-da-posse-a-novo-grupo-de-concursados-da-educacao","status":"publish","type":"post","link":"https:\/\/jornaldeitaipava.com.br\/index.php\/2024\/04\/03\/prefeitura-da-posse-a-novo-grupo-de-concursados-da-educacao\/","title":{"rendered":"Prefeitura d\u00e1 posse a novo grupo de concursados da Educa\u00e7\u00e3o"},"content":{"rendered":"\n<p>A Prefeitura deu posse a um novo grupo de profissionais da Educa\u00e7\u00e3o, aprovado no concurso p\u00fablico. Com mais essa convoca\u00e7\u00e3o, s\u00e3o mais de 1.700 concursados que j\u00e1 foram convocados e est\u00e3o atuando nas salas de aula.<br>A solenidade de posse aconteceu na manh\u00e3 desta ter\u00e7a-feira (2), no Instituto Teol\u00f3gico Franciscano e reuniu cerca de 200 pessoas. \u201cTemos muitos desafios na Educa\u00e7\u00e3o, entre elas est\u00e1 a evas\u00e3o escolar, e agora voc\u00eas fazem parte desse trabalho que \u00e9 mudar essa realidade, dentro de um projeto pedag\u00f3gico que promova a equidade\u201d, disse o prefeito Rubens Bomtempo.<br>O novo grupo \u00e9 formado por professores e professoras que v\u00e3o atuar nas unidades da rede municipal com Ensino Fundamental.<\/p>\n\n\n\n<p><strong>Nova secret\u00e1ria<br><\/strong>A Prefeitura anunciou a nova secret\u00e1ria de Educa\u00e7\u00e3o, que substituir\u00e1 Adriana de Paula. A nova titular \u00e9 Cec\u00edlia Pinheiro, professora do Ensino Fundamental e escritora de livros voltados para o p\u00fablico infantil.<\/p>\n","protected":false},"excerpt":{"rendered":"<p>A Prefeitura deu posse a um novo grupo de profissionais da Educa\u00e7\u00e3o, aprovado no concurso<\/p>\n","protected":false},"author":1,"featured_media":39060,"comment_status":"closed","ping_status":"open","sticky":false,"template":"","format":"standard","meta":{"spay_email":"","footnotes":"","jetpack_publicize_message":""},"categories":[2],"tags":[],"jetpack_featured_media_url":"https:\/\/i0.wp.com\/jornaldeitaipava.com.br\/wp-content\/uploads\/2024\/04\/WhatsApp-Image-2024-04-02-at-4.45.48-PM.jpeg?fit=1599%2C1066&ssl=1","jetpack_publicize_connections":[],"jetpack_sharing_enabled":true,"jetpack_likes_enabled":true,"jetpack-related-posts":[],"_links":{"self":[{"href":"https:\/\/jornaldeitaipava.com.br\/index.php\/wp-json\/wp\/v2\/posts\/39059"}],"collection":[{"href":"https:\/\/jornaldeitaipava.com.br\/index.php\/wp-json\/wp\/v2\/posts"}],"about":[{"href":"https:\/\/jornaldeitaipava.com.br\/index.php\/wp-json\/wp\/v2\/types\/post"}],"author":[{"embeddable":true,"href":"https:\/\/jornaldeitaipava.com.br\/index.php\/wp-json\/wp\/v2\/users\/1"}],"replies":[{"embeddable":true,"href":"https:\/\/jornaldeitaipava.com.br\/index.php\/wp-json\/wp\/v2\/comments?post=39059"}],"version-history":[{"count":1,"href":"https:\/\/jornaldeitaipava.com.br\/index.php\/wp-json\/wp\/v2\/posts\/39059\/revisions"}],"predecessor-version":[{"id":39061,"href":"https:\/\/jornaldeitaipava.com.br\/index.php\/wp-json\/wp\/v2\/posts\/39059\/revisions\/39061"}],"wp:featuredmedia":[{"embeddable":true,"href":"https:\/\/jornaldeitaipava.com.br\/index.php\/wp-json\/wp\/v2\/media\/39060"}],"wp:attachment":[{"href":"https:\/\/jornaldeitaipava.com.br\/index.php\/wp-json\/wp\/v2\/media?parent=39059"}],"wp:term":[{"taxonomy":"category","embeddable":true,"href":"https:\/\/jornaldeitaipava.com.br\/index.php\/wp-json\/wp\/v2\/categories?post=39059"},{"taxonomy":"post_tag","embeddable":true,"href":"https:\/\/jornaldeitaipava.com.br\/index.php\/wp-json\/wp\/v2\/tags?post=39059"}],"curies":[{"name":"wp","href":"https:\/\/api.w.org\/{rel}","templated":true}]}}