{"id":39062,"date":"2024-04-03T13:06:41","date_gmt":"2024-04-03T16:06:41","guid":{"rendered":"http:\/\/jornaldeitaipava.com.br\/?p=39062"},"modified":"2024-04-03T13:06:48","modified_gmt":"2024-04-03T16:06:48","slug":"mprj-realiza-vistoria-em-dois-abrigos-temporarios-de-petropolis-e-acompanha-atendimento-as-familias-desabrigadas-depois-das-fortes-chuvas","status":"publish","type":"post","link":"https:\/\/jornaldeitaipava.com.br\/index.php\/2024\/04\/03\/mprj-realiza-vistoria-em-dois-abrigos-temporarios-de-petropolis-e-acompanha-atendimento-as-familias-desabrigadas-depois-das-fortes-chuvas\/","title":{"rendered":"MPRJ realiza vistoria em dois abrigos tempor\u00e1rios de Petr\u00f3polis e acompanha atendimento \u00e0s fam\u00edlias desabrigadas depois das fortes chuvas"},"content":{"rendered":"\n<p>A 2\u00aa Promotoria de Justi\u00e7a de Tutela Coletiva do N\u00facleo Petr\u00f3polis tem realizado vistorias regulares nos dois abrigos tempor\u00e1rios onde est\u00e3o v\u00edtimas das chuvas que atingiram a regi\u00e3o serrana no final de mar\u00e7o. A pedido do Minist\u00e9rio P\u00fablico do Estado do Rio de janeiro (MPRJ), a prefeitura de Petr\u00f3polis providenciou um abrigo tempor\u00e1rio no bairro Independ\u00eancia para as fam\u00edlias que estavam provisoriamente em uma escola, e a promotoria esteve no local nesta ter\u00e7a-feira (02\/04). O bairro Independ\u00eancia foi escolhido porque \u00e9 reiteradamente atingido por desastres, em raz\u00e3o de sua extrema vulnerabilidade.<br>\u201c<em>Entendemos que enquanto houver pessoas nos abrigos, estamos em situa\u00e7\u00e3o de desastre. Durante a vistoria, constatamos que o espa\u00e7o \u00e9 suficiente para abrigar as fam\u00edlias. Requisitamos a instala\u00e7\u00e3o de telas de prote\u00e7\u00e3o nas janelas do segundo andar, melhorias na cozinha e na alimenta\u00e7\u00e3o e uma melhor organiza\u00e7\u00e3o no atendimento social \u00e0s fam\u00edlias que ali se encontram, incluindo a busca de im\u00f3veis e atendimento para a concess\u00e3o do benef\u00edcio do aluguel social<\/em>\u201d, disse a promotora de Justi\u00e7a Vanessa Katz.<br>Durante a tarde, em uma reuni\u00e3o com o secret\u00e1rio municipal de Assist\u00eancia Social, Fernando Ara\u00fajo, o MPRJ foi informado que as recomenda\u00e7\u00f5es ser\u00e3o acatadas e providenciadas at\u00e9 sexta-feira (05\/04).<br>O MPRJ tamb\u00e9m esteve no abrigo do bairro do Caxambu, e foram feitas algumas recomenda\u00e7\u00f5es para melhorias no atendimento, como ajustes na alimenta\u00e7\u00e3o, cozinha e atendimento social. Uma nova vistoria ser\u00e1 feita para que sejam constatadas se as medidas foram cumpridas. Ao todo, 38 fam\u00edlias est\u00e3o nos dois abrigos.<\/p>\n","protected":false},"excerpt":{"rendered":"<p>A 2\u00aa Promotoria de Justi\u00e7a de Tutela Coletiva do N\u00facleo Petr\u00f3polis tem realizado vistorias regulares<\/p>\n","protected":false},"author":1,"featured_media":39063,"comment_status":"closed","ping_status":"open","sticky":false,"template":"","format":"standard","meta":{"spay_email":"","footnotes":"","jetpack_publicize_message":""},"categories":[24],"tags":[],"jetpack_featured_media_url":"https:\/\/i1.wp.com\/jornaldeitaipava.com.br\/wp-content\/uploads\/2024\/04\/mprj.jpg?fit=1024%2C665&ssl=1","jetpack_publicize_connections":[],"jetpack_sharing_enabled":true,"jetpack_likes_enabled":true,"jetpack-related-posts":[],"_links":{"self":[{"href":"https:\/\/jornaldeitaipava.com.br\/index.php\/wp-json\/wp\/v2\/posts\/39062"}],"collection":[{"href":"https:\/\/jornaldeitaipava.com.br\/index.php\/wp-json\/wp\/v2\/posts"}],"about":[{"href":"https:\/\/jornaldeitaipava.com.br\/index.php\/wp-json\/wp\/v2\/types\/post"}],"author":[{"embeddable":true,"href":"https:\/\/jornaldeitaipava.com.br\/index.php\/wp-json\/wp\/v2\/users\/1"}],"replies":[{"embeddable":true,"href":"https:\/\/jornaldeitaipava.com.br\/index.php\/wp-json\/wp\/v2\/comments?post=39062"}],"version-history":[{"count":1,"href":"https:\/\/jornaldeitaipava.com.br\/index.php\/wp-json\/wp\/v2\/posts\/39062\/revisions"}],"predecessor-version":[{"id":39064,"href":"https:\/\/jornaldeitaipava.com.br\/index.php\/wp-json\/wp\/v2\/posts\/39062\/revisions\/39064"}],"wp:featuredmedia":[{"embeddable":true,"href":"https:\/\/jornaldeitaipava.com.br\/index.php\/wp-json\/wp\/v2\/media\/39063"}],"wp:attachment":[{"href":"https:\/\/jornaldeitaipava.com.br\/index.php\/wp-json\/wp\/v2\/media?parent=39062"}],"wp:term":[{"taxonomy":"category","embeddable":true,"href":"https:\/\/jornaldeitaipava.com.br\/index.php\/wp-json\/wp\/v2\/categories?post=39062"},{"taxonomy":"post_tag","embeddable":true,"href":"https:\/\/jornaldeitaipava.com.br\/index.php\/wp-json\/wp\/v2\/tags?post=39062"}],"curies":[{"name":"wp","href":"https:\/\/api.w.org\/{rel}","templated":true}]}}