{"id":39065,"date":"2024-04-03T13:19:53","date_gmt":"2024-04-03T16:19:53","guid":{"rendered":"http:\/\/jornaldeitaipava.com.br\/?p=39065"},"modified":"2024-04-03T13:19:56","modified_gmt":"2024-04-03T16:19:56","slug":"lutador-petropolitano-de-jiu-jitsu-conquista-cinturao-na-3a-copa-mage-de-jiu-jitsu","status":"publish","type":"post","link":"https:\/\/jornaldeitaipava.com.br\/index.php\/2024\/04\/03\/lutador-petropolitano-de-jiu-jitsu-conquista-cinturao-na-3a-copa-mage-de-jiu-jitsu\/","title":{"rendered":"Lutador petropolitano de jiu-jitsu conquista cintur\u00e3o na 3\u00aa Copa Mag\u00e9 de Jiu-jitsu"},"content":{"rendered":"\n<p>Ap\u00f3s vit\u00f3ria na competi\u00e7\u00e3o em 2023, M\u00e3o de Ferro traz mais um cintur\u00e3o para Petr\u00f3polis<br>Encerrando o m\u00eas de mar\u00e7o com chave de ouro, a Academia de Lutas Fight Corner e o Time Wellington Brasa Jiu-J\u00edtsu celebram a chegada de mais um t\u00edtulo, isso porque no \u00faltimo fim de semana o lutador Marcos Ant\u00f4nio, mais conhecido como \u201cM\u00e3o de Ferro\u201d, conquistou um cintur\u00e3o na categoria MASTER-PESAD\u00cdSSIMO na 3\u00aa Copa Mag\u00e9, realizada no interior do estado do Rio de Janeiro.<br>A Copa Mag\u00e9 de Jiu-Jitsu \u00e9 uma competi\u00e7\u00e3o que atrai talentos de todo o estado, sendo reconhecida pela competitividade e promo\u00e7\u00e3o do esporte no interior do Rio de Janeiro. M\u00e3o de Ferro, faixa azul da academia, n\u00e3o apenas enfrentou os desafios dessa competi\u00e7\u00e3o acirrada, mas tamb\u00e9m superou um advers\u00e1rio faixa roxa. \u201cEssa vit\u00f3ria foi uma conquista muito importante. Lutar contra um faixa roxa e vencer mostra o meu preparo nos tatames, j\u00e1 que ele est\u00e1 um n\u00edvel acima da minha atual faixa. Os treinos foram intensos, ent\u00e3o \u00e9 muito bom trazer resultados novamente para minha equipe\u201d, disse o lutador M\u00e3o de Ferro.<br>No ano passado, M\u00e3o de Ferro tamb\u00e9m havia conquistado um cintur\u00e3o na Copa Mag\u00e9 na mesma categoria. Esta foi a primeira vit\u00f3ria do atleta em 2024. Para o professor Alan dos Santos, essa vit\u00f3ria inspira e motiva outros alunos a se arriscarem no cen\u00e1rio competitivo. \u201cTemos atletas excelentes em Petr\u00f3polis. Trazer mais um t\u00edtulo para a cidade s\u00f3 refor\u00e7a o tamanho do nosso potencial nos esportes\u201d, completou Alan.<br>Com o cintur\u00e3o em m\u00e3os, Marcos Ant\u00f4nio agora tem outro objetivo: participar do campeonato estadual de jiu-jitsu. \u201cN\u00e3o vou descansar, pelo contr\u00e1rio, os treinos ficam mais intensos ainda! A responsabilidade e a vontade de ganhar s\u00f3 crescem\u201d, finalizou o atleta.<\/p>\n","protected":false},"excerpt":{"rendered":"<p>Ap\u00f3s vit\u00f3ria na competi\u00e7\u00e3o em 2023, M\u00e3o de Ferro traz mais um cintur\u00e3o para Petr\u00f3polisEncerrando<\/p>\n","protected":false},"author":1,"featured_media":39066,"comment_status":"closed","ping_status":"open","sticky":false,"template":"","format":"standard","meta":{"spay_email":"","footnotes":"","jetpack_publicize_message":""},"categories":[9],"tags":[],"jetpack_featured_media_url":"https:\/\/i2.wp.com\/jornaldeitaipava.com.br\/wp-content\/uploads\/2024\/04\/WhatsApp-Image-2024-04-03-at-10.56.15-AM-scaled.jpeg?fit=2560%2C1420&ssl=1","jetpack_publicize_connections":[],"jetpack_sharing_enabled":true,"jetpack_likes_enabled":true,"jetpack-related-posts":[],"_links":{"self":[{"href":"https:\/\/jornaldeitaipava.com.br\/index.php\/wp-json\/wp\/v2\/posts\/39065"}],"collection":[{"href":"https:\/\/jornaldeitaipava.com.br\/index.php\/wp-json\/wp\/v2\/posts"}],"about":[{"href":"https:\/\/jornaldeitaipava.com.br\/index.php\/wp-json\/wp\/v2\/types\/post"}],"author":[{"embeddable":true,"href":"https:\/\/jornaldeitaipava.com.br\/index.php\/wp-json\/wp\/v2\/users\/1"}],"replies":[{"embeddable":true,"href":"https:\/\/jornaldeitaipava.com.br\/index.php\/wp-json\/wp\/v2\/comments?post=39065"}],"version-history":[{"count":1,"href":"https:\/\/jornaldeitaipava.com.br\/index.php\/wp-json\/wp\/v2\/posts\/39065\/revisions"}],"predecessor-version":[{"id":39067,"href":"https:\/\/jornaldeitaipava.com.br\/index.php\/wp-json\/wp\/v2\/posts\/39065\/revisions\/39067"}],"wp:featuredmedia":[{"embeddable":true,"href":"https:\/\/jornaldeitaipava.com.br\/index.php\/wp-json\/wp\/v2\/media\/39066"}],"wp:attachment":[{"href":"https:\/\/jornaldeitaipava.com.br\/index.php\/wp-json\/wp\/v2\/media?parent=39065"}],"wp:term":[{"taxonomy":"category","embeddable":true,"href":"https:\/\/jornaldeitaipava.com.br\/index.php\/wp-json\/wp\/v2\/categories?post=39065"},{"taxonomy":"post_tag","embeddable":true,"href":"https:\/\/jornaldeitaipava.com.br\/index.php\/wp-json\/wp\/v2\/tags?post=39065"}],"curies":[{"name":"wp","href":"https:\/\/api.w.org\/{rel}","templated":true}]}}