{"id":39069,"date":"2024-04-04T09:52:56","date_gmt":"2024-04-04T12:52:56","guid":{"rendered":"http:\/\/jornaldeitaipava.com.br\/?p=39069"},"modified":"2024-04-04T09:53:02","modified_gmt":"2024-04-04T12:53:02","slug":"mprj-denuncia-e-obtem-a-prisao-de-padre-por-importunacao-sexual-e-estupro-de-vulneravel-en-friburgo","status":"publish","type":"post","link":"https:\/\/jornaldeitaipava.com.br\/index.php\/2024\/04\/04\/mprj-denuncia-e-obtem-a-prisao-de-padre-por-importunacao-sexual-e-estupro-de-vulneravel-en-friburgo\/","title":{"rendered":"MPRJ denuncia e obt\u00e9m a pris\u00e3o de padre por importuna\u00e7\u00e3o sexual e estupro de vulner\u00e1vel en Friburgo"},"content":{"rendered":"\n<p>O Minist\u00e9rio P\u00fablico do Estado do Rio de Janeiro (MPRJ), por meio da Promotoria de Justi\u00e7a de Investiga\u00e7\u00e3o Penal de Nova Friburgo, denunciou o padre Alexandre Paciolli Moreira de Oliveira, conhecido como padre Alexandre Paciolli, pelos crimes de importuna\u00e7\u00e3o sexual e estupro de vulner\u00e1vel, cometidos contra uma mesma mulher, em agosto de 2022 e janeiro de 2023, respectivamente, na cidade de Nova Friburgo.<br>As investiga\u00e7\u00f5es foram realizadas pela Promotoria de Justi\u00e7a de Investiga\u00e7\u00e3o Penal de Nova Friburgo, que ofereceu den\u00fancia no dia 26\/03. A den\u00fancia do MPRJ destaca que o criminoso \u00e9 um l\u00edder religioso pertencente \u00e0 Igreja Cat\u00f3lica, muito carism\u00e1tico, conhecido e influente. O padre j\u00e1 foi reitor da Igreja da PUC\/RJ, respons\u00e1vel pela Igreja de S\u00e3o Jos\u00e9, no bairro da Lagoa\/RJ, e apresentador de programas de televis\u00e3o na TV Can\u00e7\u00e3o Nova, a\u00ed inclu\u00eddo um programa dedicado \u00e0s mulheres, denominado \u201cmulheres de f\u00e9\u201d. Al\u00e9m disso, foi o fundador da Comunidade Olhar Misericordioso. O seu n\u00famero de seguidores em redes sociais, somado com o n\u00famero de seguidores da comunidade, alcan\u00e7a o patamar de 200 mil pessoas.<br>A Arquidiocese do Rio de Janeiro j\u00e1 recebeu diversas not\u00edcias de abusos sexuais cometidos pelo padre, havendo, tamb\u00e9m, outras investiga\u00e7\u00f5es policiais em curso, em outras comarcas do Estado. No que tange ao caso ocorrido em Nova Friburgo, o padre, se utilizando da ingenuidade e da f\u00e9 da v\u00edtima, sob o pretexto de estar sentido fortes dores, passou a praticar atos libidinosos com a v\u00edtima, que, tendo o denunciado como seu sagrado protetor, n\u00e3o conseguiu oferecer resist\u00eancia.<br>A pedido do MPRJ, a 1\u00aa Vara Criminal de Nova Friburgo expediu mandado de pris\u00e3o preventiva contra o religioso, que foi preso no in\u00edcio da tarde desta quarta-feira (03\/04), em Fortaleza, Cear\u00e1, na casa de seu pai. A captura do padre se concretizou atrav\u00e9s de exitosa a\u00e7\u00e3o conjunta entre a Promotoria de Investiga\u00e7\u00e3o Penal de Nova Friburgo, a Delegacia Especializada de Atendimento \u00e0 Mulher de Nova Friburgo e a Delegacia de Narc\u00f3ticos &#8211; Denarc, da Pol\u00edcia Civil do Estado do Cear\u00e1.<br>O MPRJ se coloca \u00e0 disposi\u00e7\u00e3o de outras eventuais v\u00edtimas de Alexandre Paciolli Moreira de Oliveira, atrav\u00e9s de seus canais de atendimento, para dar in\u00edcio a novas investiga\u00e7\u00f5es.<\/p>\n","protected":false},"excerpt":{"rendered":"<p>O Minist\u00e9rio P\u00fablico do Estado do Rio de Janeiro (MPRJ), por meio da Promotoria de<\/p>\n","protected":false},"author":1,"featured_media":18387,"comment_status":"closed","ping_status":"open","sticky":false,"template":"","format":"standard","meta":{"spay_email":"","footnotes":"","jetpack_publicize_message":""},"categories":[5],"tags":[],"jetpack_featured_media_url":"https:\/\/i2.wp.com\/jornaldeitaipava.com.br\/wp-content\/uploads\/2021\/08\/MPRJ-2.png?fit=921%2C523&ssl=1","jetpack_publicize_connections":[],"jetpack_sharing_enabled":true,"jetpack_likes_enabled":true,"jetpack-related-posts":[],"_links":{"self":[{"href":"https:\/\/jornaldeitaipava.com.br\/index.php\/wp-json\/wp\/v2\/posts\/39069"}],"collection":[{"href":"https:\/\/jornaldeitaipava.com.br\/index.php\/wp-json\/wp\/v2\/posts"}],"about":[{"href":"https:\/\/jornaldeitaipava.com.br\/index.php\/wp-json\/wp\/v2\/types\/post"}],"author":[{"embeddable":true,"href":"https:\/\/jornaldeitaipava.com.br\/index.php\/wp-json\/wp\/v2\/users\/1"}],"replies":[{"embeddable":true,"href":"https:\/\/jornaldeitaipava.com.br\/index.php\/wp-json\/wp\/v2\/comments?post=39069"}],"version-history":[{"count":1,"href":"https:\/\/jornaldeitaipava.com.br\/index.php\/wp-json\/wp\/v2\/posts\/39069\/revisions"}],"predecessor-version":[{"id":39070,"href":"https:\/\/jornaldeitaipava.com.br\/index.php\/wp-json\/wp\/v2\/posts\/39069\/revisions\/39070"}],"wp:featuredmedia":[{"embeddable":true,"href":"https:\/\/jornaldeitaipava.com.br\/index.php\/wp-json\/wp\/v2\/media\/18387"}],"wp:attachment":[{"href":"https:\/\/jornaldeitaipava.com.br\/index.php\/wp-json\/wp\/v2\/media?parent=39069"}],"wp:term":[{"taxonomy":"category","embeddable":true,"href":"https:\/\/jornaldeitaipava.com.br\/index.php\/wp-json\/wp\/v2\/categories?post=39069"},{"taxonomy":"post_tag","embeddable":true,"href":"https:\/\/jornaldeitaipava.com.br\/index.php\/wp-json\/wp\/v2\/tags?post=39069"}],"curies":[{"name":"wp","href":"https:\/\/api.w.org\/{rel}","templated":true}]}}