{"id":39092,"date":"2024-04-05T09:14:40","date_gmt":"2024-04-05T12:14:40","guid":{"rendered":"http:\/\/jornaldeitaipava.com.br\/?p=39092"},"modified":"2024-04-05T09:14:45","modified_gmt":"2024-04-05T12:14:45","slug":"mesa-redonda-do-cefet-rj-petropolis-coloca-em-debate-o-bullying-e-a-violencia-na-escola","status":"publish","type":"post","link":"https:\/\/jornaldeitaipava.com.br\/index.php\/2024\/04\/05\/mesa-redonda-do-cefet-rj-petropolis-coloca-em-debate-o-bullying-e-a-violencia-na-escola\/","title":{"rendered":"Mesa-redonda do Cefet\/RJ Petr\u00f3polis coloca em debate o bullying e a viol\u00eancia na escola"},"content":{"rendered":"\n<p>No dia 16 de abril (ter\u00e7a-feira), \u00e0s 19h, o Cefet\/RJ Petr\u00f3polis vai realizar a mesa-redonda \u201cBullying e Viol\u00eancia Escolar: as m\u00faltiplas faces de um problema real\u201d. O evento, que acontecer\u00e1 no Sal\u00e3o Nobre, \u00e9 aberto \u00e0s comunidades interna e externa.<br>Promovida pela Comiss\u00e3o Permanente para Promo\u00e7\u00e3o de uma Cultura de Paz (Compaz) da unidade, a iniciativa faz parte de uma s\u00e9rie de a\u00e7\u00f5es focadas na tem\u00e1tica para o m\u00eas de abril, em alus\u00e3o ao Dia Nacional de Combate ao Bullying e \u00e0 Viol\u00eancia na Escola (07\/04).<br>A mesa-redonda contar\u00e1 com a presen\u00e7a de Danielle Pacheco, psic\u00f3loga cl\u00ednica, psicomotricista e mestre em Psicologia Cl\u00ednica -Terapia Cognitivo-Comportamental; J\u00e9ssica Pinheiro, psic\u00f3loga escolar, especialista em Educa\u00e7\u00e3o Permanente em Sa\u00fade Mental e Psiquiatria e p\u00f3s-graduanda em Neuropsicopedagogia; Endgie Paquiela, capit\u00e3 da Pol\u00edcia Militar, que j\u00e1 foi superintendente de Enfrentamento \u00e0 Viol\u00eancia contra as Mulheres no governo do Estado do Rio de Janeiro e hoje atua na Patrulha Maria da Penha e na Patrulha Escolar; e Elisabeth Souza, m\u00e3e de aluno do Cefet\/RJ Petr\u00f3polis. A media\u00e7\u00e3o fica a cargo da pedagoga da institui\u00e7\u00e3o Daphne Holzer.<br>Por meio da mesa-redonda e das a\u00e7\u00f5es que vem realizando em abril, a Compaz acredita ser poss\u00edvel promover um ambiente estudantil mais unido, onde se possa discutir em conjunto maneiras de lidar com conflitos e evitar um clima de desuni\u00e3o. A comiss\u00e3o v\u00ea no di\u00e1logo e na troca de opini\u00f5es maneiras eficazes de encontrar pontos de partidas para extinguir atos de viol\u00eancia.<\/p>\n","protected":false},"excerpt":{"rendered":"<p>No dia 16 de abril (ter\u00e7a-feira), \u00e0s 19h, o Cefet\/RJ Petr\u00f3polis vai realizar a mesa-redonda<\/p>\n","protected":false},"author":1,"featured_media":1083,"comment_status":"closed","ping_status":"open","sticky":false,"template":"","format":"standard","meta":{"spay_email":"","footnotes":"","jetpack_publicize_message":""},"categories":[2],"tags":[],"jetpack_featured_media_url":"https:\/\/i1.wp.com\/jornaldeitaipava.com.br\/wp-content\/uploads\/2020\/09\/CEFET.jpg?fit=1000%2C538&ssl=1","jetpack_publicize_connections":[],"jetpack_sharing_enabled":true,"jetpack_likes_enabled":true,"jetpack-related-posts":[],"_links":{"self":[{"href":"https:\/\/jornaldeitaipava.com.br\/index.php\/wp-json\/wp\/v2\/posts\/39092"}],"collection":[{"href":"https:\/\/jornaldeitaipava.com.br\/index.php\/wp-json\/wp\/v2\/posts"}],"about":[{"href":"https:\/\/jornaldeitaipava.com.br\/index.php\/wp-json\/wp\/v2\/types\/post"}],"author":[{"embeddable":true,"href":"https:\/\/jornaldeitaipava.com.br\/index.php\/wp-json\/wp\/v2\/users\/1"}],"replies":[{"embeddable":true,"href":"https:\/\/jornaldeitaipava.com.br\/index.php\/wp-json\/wp\/v2\/comments?post=39092"}],"version-history":[{"count":1,"href":"https:\/\/jornaldeitaipava.com.br\/index.php\/wp-json\/wp\/v2\/posts\/39092\/revisions"}],"predecessor-version":[{"id":39093,"href":"https:\/\/jornaldeitaipava.com.br\/index.php\/wp-json\/wp\/v2\/posts\/39092\/revisions\/39093"}],"wp:featuredmedia":[{"embeddable":true,"href":"https:\/\/jornaldeitaipava.com.br\/index.php\/wp-json\/wp\/v2\/media\/1083"}],"wp:attachment":[{"href":"https:\/\/jornaldeitaipava.com.br\/index.php\/wp-json\/wp\/v2\/media?parent=39092"}],"wp:term":[{"taxonomy":"category","embeddable":true,"href":"https:\/\/jornaldeitaipava.com.br\/index.php\/wp-json\/wp\/v2\/categories?post=39092"},{"taxonomy":"post_tag","embeddable":true,"href":"https:\/\/jornaldeitaipava.com.br\/index.php\/wp-json\/wp\/v2\/tags?post=39092"}],"curies":[{"name":"wp","href":"https:\/\/api.w.org\/{rel}","templated":true}]}}