{"id":39095,"date":"2024-04-05T09:18:03","date_gmt":"2024-04-05T12:18:03","guid":{"rendered":"http:\/\/jornaldeitaipava.com.br\/?p=39095"},"modified":"2024-04-05T09:18:06","modified_gmt":"2024-04-05T12:18:06","slug":"vereador-indica-criacao-de-servico-de-recebimento-de-denuncias-de-violacoes-de-direitos-dos-idosos","status":"publish","type":"post","link":"https:\/\/jornaldeitaipava.com.br\/index.php\/2024\/04\/05\/vereador-indica-criacao-de-servico-de-recebimento-de-denuncias-de-violacoes-de-direitos-dos-idosos\/","title":{"rendered":"Vereador indica cria\u00e7\u00e3o de &#8220;Servi\u00e7o de Recebimento de Den\u00fancias de Viola\u00e7\u00f5es de Direitos dos Idosos&#8221;"},"content":{"rendered":"\n<p>Foi aprovada na C\u00e2mara Municipal, durante sess\u00e3o ordin\u00e1ria realizada na quarta-feira (03), uma Indica\u00e7\u00e3o Legislativa do vereador Junior Paix\u00e3o que sugere ao Executivo Municipal a cria\u00e7\u00e3o de um &#8220;Servi\u00e7o de Recebimento de Den\u00fancias de Viola\u00e7\u00f5es de Direitos dos Idosos&#8221;. O objetivo \u00e9, al\u00e9m do recebimento das den\u00fancias, promover um atendimento humanizado aos idosos al\u00e9m orientar sobre seus direitos atrav\u00e9s de atendimento telef\u00f4nico, internet e ainda presencial.<br>O texto do documento especifica ainda que os profissionais que atuarem diretamente na realiza\u00e7\u00e3o de atendimento dever\u00e3o ser devidamente capacitados, tanto para a \u00f3tima orienta\u00e7\u00e3o quanto aos servi\u00e7os da rede p\u00fablica, considerando as peculiaridades desse p\u00fablico espec\u00edfico. O servi\u00e7o contar\u00e1 ainda com fiscaliza\u00e7\u00e3o e avalia\u00e7\u00e3o peri\u00f3dica, devendo ser elaborado, ao final de cada semestre, relat\u00f3rios detalhando a quantidade de chamadas recebidas, atendimentos efetivamente realizados e dados como bairro e faixa de idade dos atendidos al\u00e9m do servi\u00e7o procurado e das solu\u00e7\u00f5es ou propostas apresentadas.<br>Em sua justificativa, o autor da Indica\u00e7\u00e3o cita dados do IBGE, que indica que Petr\u00f3polis possui hoje, mais de 40.000 pessoas da terceira idade ou cerca de 14,6% da popula\u00e7\u00e3o. Outro dado apontado sobre o crescente n\u00famero de casos de viol\u00eancia e viola\u00e7\u00f5es de direitos contra a popula\u00e7\u00e3o idosa. Durante a pandemia da covid-19 as queixas de maus tratos cresceram 59% no Brasil todo.<br>Nos primeiros cinco meses de 2023, o Disque 100 do Minist\u00e9rio dos Direitos Humanos e Cidadania, recebeu mais de 47 mil den\u00fancias de viol\u00eancia cometida contra pessoas idosas, que apontam para cerca de 282 mil viola\u00e7\u00f5es de direitos como viol\u00eancia f\u00edsica, psicol\u00f3gica e explora\u00e7\u00e3o financeira ou material. Cada den\u00fancia pode ter mais de um tipo de viola\u00e7\u00e3o de direitos.<br>&#8220;A ideia \u00e9 assegurar um canal de comunica\u00e7\u00e3o direto e \u00e1gil, com atendimento humanizado, entre a prefeitura e a popula\u00e7\u00e3o idosa que tenha tido seus direitos violados ou ainda, pessoas que busquem orienta\u00e7\u00f5es quanto aos seus direitos e quanto aos servi\u00e7os oferecidos pelo munic\u00edpio&#8221;, disse Junior Paix\u00e3o.<br>O projeto segue agora para an\u00e1lise do Executivo.<\/p>\n","protected":false},"excerpt":{"rendered":"<p>Foi aprovada na C\u00e2mara Municipal, durante sess\u00e3o ordin\u00e1ria realizada na quarta-feira (03), uma Indica\u00e7\u00e3o Legislativa<\/p>\n","protected":false},"author":1,"featured_media":39096,"comment_status":"closed","ping_status":"open","sticky":false,"template":"","format":"standard","meta":{"spay_email":"","footnotes":"","jetpack_publicize_message":""},"categories":[2],"tags":[],"jetpack_featured_media_url":"https:\/\/i1.wp.com\/jornaldeitaipava.com.br\/wp-content\/uploads\/2024\/04\/WhatsApp-Image-2024-04-04-at-13.21.07.jpeg?fit=1600%2C1066&ssl=1","jetpack_publicize_connections":[],"jetpack_sharing_enabled":true,"jetpack_likes_enabled":true,"jetpack-related-posts":[],"_links":{"self":[{"href":"https:\/\/jornaldeitaipava.com.br\/index.php\/wp-json\/wp\/v2\/posts\/39095"}],"collection":[{"href":"https:\/\/jornaldeitaipava.com.br\/index.php\/wp-json\/wp\/v2\/posts"}],"about":[{"href":"https:\/\/jornaldeitaipava.com.br\/index.php\/wp-json\/wp\/v2\/types\/post"}],"author":[{"embeddable":true,"href":"https:\/\/jornaldeitaipava.com.br\/index.php\/wp-json\/wp\/v2\/users\/1"}],"replies":[{"embeddable":true,"href":"https:\/\/jornaldeitaipava.com.br\/index.php\/wp-json\/wp\/v2\/comments?post=39095"}],"version-history":[{"count":1,"href":"https:\/\/jornaldeitaipava.com.br\/index.php\/wp-json\/wp\/v2\/posts\/39095\/revisions"}],"predecessor-version":[{"id":39097,"href":"https:\/\/jornaldeitaipava.com.br\/index.php\/wp-json\/wp\/v2\/posts\/39095\/revisions\/39097"}],"wp:featuredmedia":[{"embeddable":true,"href":"https:\/\/jornaldeitaipava.com.br\/index.php\/wp-json\/wp\/v2\/media\/39096"}],"wp:attachment":[{"href":"https:\/\/jornaldeitaipava.com.br\/index.php\/wp-json\/wp\/v2\/media?parent=39095"}],"wp:term":[{"taxonomy":"category","embeddable":true,"href":"https:\/\/jornaldeitaipava.com.br\/index.php\/wp-json\/wp\/v2\/categories?post=39095"},{"taxonomy":"post_tag","embeddable":true,"href":"https:\/\/jornaldeitaipava.com.br\/index.php\/wp-json\/wp\/v2\/tags?post=39095"}],"curies":[{"name":"wp","href":"https:\/\/api.w.org\/{rel}","templated":true}]}}