{"id":39098,"date":"2024-04-05T09:26:26","date_gmt":"2024-04-05T12:26:26","guid":{"rendered":"http:\/\/jornaldeitaipava.com.br\/?p=39098"},"modified":"2024-04-05T09:26:32","modified_gmt":"2024-04-05T12:26:32","slug":"unimed-petropolis-criara-espaco-para-tratamento-de-autistas","status":"publish","type":"post","link":"https:\/\/jornaldeitaipava.com.br\/index.php\/2024\/04\/05\/unimed-petropolis-criara-espaco-para-tratamento-de-autistas\/","title":{"rendered":"Unimed Petr\u00f3polis criar\u00e1 espa\u00e7o para tratamento de autistas"},"content":{"rendered":"\n<p>O Projeto N\u00f3s Te Acolhemos tem previs\u00e3o de inaugura\u00e7\u00e3o no segundo semestre<br>No m\u00eas em que se celebra o Dia Mundial de Conscientiza\u00e7\u00e3o ao Autismo, a Unimed Petr\u00f3polis anuncia novo empreendimento para tratamento de pacientes com TEA. O Projeto N\u00f3s Te Acolhemos \u00e9 um recurso pr\u00f3prio da cooperativa dedicado ao tratamento multidisciplinar de crian\u00e7as com diagn\u00f3stico de autismo. O objetivo \u00e9 oferecer mais uma op\u00e7\u00e3o especializada para o tratamento desses pacientes.<br>O novo espa\u00e7o tem previs\u00e3o de inaugura\u00e7\u00e3o no segundo semestre na Rua Ipiranga e ser\u00e1 todo estruturado para realizar os atendimentos semanais com salas de terapia ocupacional, sala de conforto para a fam\u00edlia, brinquedoteca e cobertura para atividades externas.<br>A idealizadora do projeto, Dra. Rosane Kloh Banger, vice-presidente da Unimed Petr\u00f3polis explica que toda comunica\u00e7\u00e3o visual do espa\u00e7o, bem como a ambienta\u00e7\u00e3o, est\u00e1 sendo pensada para oferecer seguran\u00e7a, bem-estar e conforto para as crian\u00e7as e seus acompanhantes.<br>\u201cO Projeto \u2018N\u00f3s Te acolhemos\u2019 contar\u00e1 com uma equipe multidisciplinar formada por especialistas nas \u00e1reas: Psicologia, Fonoaudiologia, Fisioterapia, Terapia Ocupacional, Psicopedagogia, Nutricionista, entre outros. O novo espa\u00e7o ter\u00e1 o foco no atendimento individualizado e humanizado. Ofereceremos todos os recursos necess\u00e1rios para impulsionar o desenvolvimento dos nossos pacientes\u201d, anuncia Dra. Rosane.<\/p>\n\n\n\n<p><strong>O Autismo<br><\/strong>O Transtorno do Espectro Autista n\u00e3o \u00e9 uma doen\u00e7a. Como o pr\u00f3prio nome indica, trata-se de um transtorno no desenvolvimento neurol\u00f3gico da crian\u00e7a que gera altera\u00e7\u00f5es na comunica\u00e7\u00e3o, dificuldade (ou aus\u00eancia) de intera\u00e7\u00e3o social e mudan\u00e7as no comportamento. Quanto mais cedo o diagn\u00f3stico e o in\u00edcio do tratamento maiores s\u00e3o as chances de o paciente ganhar qualidade de vida e alcan\u00e7ar autonomia. O transtorno atinge de 1% a 2% da popula\u00e7\u00e3o mundial e, no Brasil, aproximadamente dois milh\u00f5es de pessoas. Pelos dados do Centers for Disease Control and Prevention (CDC), dos Estados Unidos, entre as crian\u00e7as, a propor\u00e7\u00e3o \u00e9 de que uma a cada 44 seja diagnosticada com o transtorno.<\/p>\n","protected":false},"excerpt":{"rendered":"<p>O Projeto N\u00f3s Te Acolhemos tem previs\u00e3o de inaugura\u00e7\u00e3o no segundo semestreNo m\u00eas em que<\/p>\n","protected":false},"author":1,"featured_media":5113,"comment_status":"closed","ping_status":"open","sticky":false,"template":"","format":"standard","meta":{"spay_email":"","footnotes":"","jetpack_publicize_message":""},"categories":[2],"tags":[],"jetpack_featured_media_url":"https:\/\/i1.wp.com\/jornaldeitaipava.com.br\/wp-content\/uploads\/2020\/11\/UNIMED.jpg?fit=616%2C379&ssl=1","jetpack_publicize_connections":[],"jetpack_sharing_enabled":true,"jetpack_likes_enabled":true,"jetpack-related-posts":[],"_links":{"self":[{"href":"https:\/\/jornaldeitaipava.com.br\/index.php\/wp-json\/wp\/v2\/posts\/39098"}],"collection":[{"href":"https:\/\/jornaldeitaipava.com.br\/index.php\/wp-json\/wp\/v2\/posts"}],"about":[{"href":"https:\/\/jornaldeitaipava.com.br\/index.php\/wp-json\/wp\/v2\/types\/post"}],"author":[{"embeddable":true,"href":"https:\/\/jornaldeitaipava.com.br\/index.php\/wp-json\/wp\/v2\/users\/1"}],"replies":[{"embeddable":true,"href":"https:\/\/jornaldeitaipava.com.br\/index.php\/wp-json\/wp\/v2\/comments?post=39098"}],"version-history":[{"count":1,"href":"https:\/\/jornaldeitaipava.com.br\/index.php\/wp-json\/wp\/v2\/posts\/39098\/revisions"}],"predecessor-version":[{"id":39099,"href":"https:\/\/jornaldeitaipava.com.br\/index.php\/wp-json\/wp\/v2\/posts\/39098\/revisions\/39099"}],"wp:featuredmedia":[{"embeddable":true,"href":"https:\/\/jornaldeitaipava.com.br\/index.php\/wp-json\/wp\/v2\/media\/5113"}],"wp:attachment":[{"href":"https:\/\/jornaldeitaipava.com.br\/index.php\/wp-json\/wp\/v2\/media?parent=39098"}],"wp:term":[{"taxonomy":"category","embeddable":true,"href":"https:\/\/jornaldeitaipava.com.br\/index.php\/wp-json\/wp\/v2\/categories?post=39098"},{"taxonomy":"post_tag","embeddable":true,"href":"https:\/\/jornaldeitaipava.com.br\/index.php\/wp-json\/wp\/v2\/tags?post=39098"}],"curies":[{"name":"wp","href":"https:\/\/api.w.org\/{rel}","templated":true}]}}