{"id":39103,"date":"2024-04-05T09:49:17","date_gmt":"2024-04-05T12:49:17","guid":{"rendered":"http:\/\/jornaldeitaipava.com.br\/?p=39103"},"modified":"2024-04-05T09:49:20","modified_gmt":"2024-04-05T12:49:20","slug":"cdl-de-petropolis-aponta-compromisso-do-governador-na-prorrogacao-do-prazo-de-financiamento-dos-negocios-atingidos-pelas-chuvas-de-2022","status":"publish","type":"post","link":"https:\/\/jornaldeitaipava.com.br\/index.php\/2024\/04\/05\/cdl-de-petropolis-aponta-compromisso-do-governador-na-prorrogacao-do-prazo-de-financiamento-dos-negocios-atingidos-pelas-chuvas-de-2022\/","title":{"rendered":"CDL de Petr\u00f3polis aponta compromisso do governador na prorroga\u00e7\u00e3o do prazo de financiamento dos neg\u00f3cios atingidos pelas chuvas de 2022"},"content":{"rendered":"\n<p>A C\u00e2mara de Dirigentes Lojistas de Petr\u00f3polis encaminhou uma solicita\u00e7\u00e3o formal ao gabinete do governador Cl\u00e1udio Castro enfatizando a import\u00e2ncia da san\u00e7\u00e3o da lei, aprovada nesta ter\u00e7a-feira (03) pela Assembleia Legislativa do Estado, estendendo o prazo do financiamento destinado aos empreendedores da cidade afetados pelas chuvas de 2022. Ao todo, 3.326 empresas petropolitanas recorreram ao financiamento, linha de cr\u00e9dito especial aberta pelo governo, por meio da Ag\u00eancia de Fomento do Estado do Rio (Age-Rio), somando R$ 207 milh\u00f5es.<br>\u201cFormalizamos esse pedido, mas temos j\u00e1 a certeza que o governador Cl\u00e1udio Castro vai dar mais essa demonstra\u00e7\u00e3o de apoio ao com\u00e9rcio local, um compromisso que assumiu para resguardar a economia da cidade, no socorro imediato que fez \u00e0 cidade ap\u00f3s as chuvas de 2022. A recupera\u00e7\u00e3o total dos neg\u00f3cios tem um prazo estimado em mais de 36 meses e essa prorroga\u00e7\u00e3o autom\u00e1tica dos prazos de car\u00eancia e amortiza\u00e7\u00e3o dos financiamentos concedidos \u00e9 fundamental para que os empreendedores consigam a estabilidade necess\u00e1ria\u201d, aponta o presidente da CDL Petr\u00f3polis, Cl\u00e1udio Mohammad.<br>O projeto de lei n\u00b0 2.898, de 2024, que prop\u00f5e a extens\u00e3o do per\u00edodo para car\u00eancia do financiamento, sendo sancionado, estender\u00e1 o novo prazo at\u00e9 abril de 2025, oferecendo aos microempres\u00e1rios um tempo adicional para se reestruturarem e superarem os desafios enfrentados.<br>Essa medida vem ao encontro da necessidade dos comerciantes que ainda sofrem os impactos das chuvas que assolaram o munic\u00edpio em 2022. O deputado estadual Chico Machado (SDD), autor da proposta, justificou a import\u00e2ncia da prorroga\u00e7\u00e3o diante dos preju\u00edzos causados pelo desastre natural, que resultou em 242 mortes.<br>O financiamento, criado originalmente pela lei n\u00b0 9.564, de 2022, em conjunto com a AgeRio, disponibilizou recursos do Fundo de Recupera\u00e7\u00e3o Econ\u00f4mica dos Munic\u00edpios Fluminenses para auxiliar na recomposi\u00e7\u00e3o do capital de giro das microempresas afetadas. Os valores variavam entre R$ 50 mil e R$ 500 mil, com a possibilidade de pagamento em at\u00e9 60 vezes, sem juros.<br>\u201cNa ocasi\u00e3o, o governador e o ent\u00e3o secret\u00e1rios de Desenvolvimento Econ\u00f4mico, Vin\u00edcius Farah, e de Fazenda, Nelson Rocha, em Petr\u00f3polis, ouviram as demandas dos empres\u00e1rios e se empenharam em oferecer apoio. Essa for\u00e7a-tarefa envolveu a Assembleia Legislativa do Estado que aprovou a lei prevendo o financiamento e os primeiros cr\u00e9ditos come\u00e7aram a sair em 30 dias, uma opera\u00e7\u00e3o em tempo recorde que foi crucial para a economia da cidade\u201d, afirma o presidente da CDL Petr\u00f3polis.<br>Esta ser\u00e1 a segunda amplia\u00e7\u00e3o do prazo de car\u00eancia do financiamento. A legisla\u00e7\u00e3o estadual n\u00b0 9.986, de 2023, de autoria do ent\u00e3o deputado estadual Bernardo Rossi, j\u00e1 havia estendido o per\u00edodo por 12 meses a partir de 15 de abril de 2023.<br>\u201cEssa nova conquista demonstra a relev\u00e2ncia do di\u00e1logo entre as entidades representativas do com\u00e9rcio e o poder p\u00fablico, ressaltando a import\u00e2ncia de parcerias colaborativas para impulsionar o desenvolvimento econ\u00f4mico e social da regi\u00e3o. Com a aprova\u00e7\u00e3o iminente da lei de prorroga\u00e7\u00e3o do prazo do financiamento, os microempres\u00e1rios de Petr\u00f3polis podem olhar para o futuro com mais confian\u00e7a e esperan\u00e7a, sabendo que contam com o apoio necess\u00e1rio para superar os desafios e construir um ambiente empresarial mais resiliente e pr\u00f3spero\u201d, aponta Cl\u00e1udio Mohammad.<\/p>\n","protected":false},"excerpt":{"rendered":"<p>A C\u00e2mara de Dirigentes Lojistas de Petr\u00f3polis encaminhou uma solicita\u00e7\u00e3o formal ao gabinete do governador<\/p>\n","protected":false},"author":1,"featured_media":39104,"comment_status":"closed","ping_status":"open","sticky":false,"template":"","format":"standard","meta":{"spay_email":"","footnotes":"","jetpack_publicize_message":""},"categories":[24],"tags":[],"jetpack_featured_media_url":"https:\/\/i2.wp.com\/jornaldeitaipava.com.br\/wp-content\/uploads\/2024\/04\/Claudio-MOhammad-Claudio-Castro-e-Washington-Reis-1.jpeg?fit=1010%2C567&ssl=1","jetpack_publicize_connections":[],"jetpack_sharing_enabled":true,"jetpack_likes_enabled":true,"jetpack-related-posts":[],"_links":{"self":[{"href":"https:\/\/jornaldeitaipava.com.br\/index.php\/wp-json\/wp\/v2\/posts\/39103"}],"collection":[{"href":"https:\/\/jornaldeitaipava.com.br\/index.php\/wp-json\/wp\/v2\/posts"}],"about":[{"href":"https:\/\/jornaldeitaipava.com.br\/index.php\/wp-json\/wp\/v2\/types\/post"}],"author":[{"embeddable":true,"href":"https:\/\/jornaldeitaipava.com.br\/index.php\/wp-json\/wp\/v2\/users\/1"}],"replies":[{"embeddable":true,"href":"https:\/\/jornaldeitaipava.com.br\/index.php\/wp-json\/wp\/v2\/comments?post=39103"}],"version-history":[{"count":1,"href":"https:\/\/jornaldeitaipava.com.br\/index.php\/wp-json\/wp\/v2\/posts\/39103\/revisions"}],"predecessor-version":[{"id":39105,"href":"https:\/\/jornaldeitaipava.com.br\/index.php\/wp-json\/wp\/v2\/posts\/39103\/revisions\/39105"}],"wp:featuredmedia":[{"embeddable":true,"href":"https:\/\/jornaldeitaipava.com.br\/index.php\/wp-json\/wp\/v2\/media\/39104"}],"wp:attachment":[{"href":"https:\/\/jornaldeitaipava.com.br\/index.php\/wp-json\/wp\/v2\/media?parent=39103"}],"wp:term":[{"taxonomy":"category","embeddable":true,"href":"https:\/\/jornaldeitaipava.com.br\/index.php\/wp-json\/wp\/v2\/categories?post=39103"},{"taxonomy":"post_tag","embeddable":true,"href":"https:\/\/jornaldeitaipava.com.br\/index.php\/wp-json\/wp\/v2\/tags?post=39103"}],"curies":[{"name":"wp","href":"https:\/\/api.w.org\/{rel}","templated":true}]}}