{"id":39123,"date":"2024-04-07T11:08:47","date_gmt":"2024-04-07T14:08:47","guid":{"rendered":"http:\/\/jornaldeitaipava.com.br\/?p=39123"},"modified":"2024-04-07T11:08:55","modified_gmt":"2024-04-07T14:08:55","slug":"prefeitura-anuncia-concurso-para-guarda-civil-municipal","status":"publish","type":"post","link":"https:\/\/jornaldeitaipava.com.br\/index.php\/2024\/04\/07\/prefeitura-anuncia-concurso-para-guarda-civil-municipal\/","title":{"rendered":"Prefeitura anuncia concurso para Guarda Civil Municipal"},"content":{"rendered":"\n<p>An\u00fancio foi feito durante inaugura\u00e7\u00e3o de Posto da 2\u00aa Inspetoria da Guarda Civil Municipal em Itaipava<br>A Prefeitura, por meio da Secretaria de Servi\u00e7os, Seguran\u00e7a e Ordem P\u00fablica, inaugurou nesta sexta-feira (5) o Posto da 2\u00aa Inspetoria da Guarda Civil Municipal em Itaipava, instalado no Parque Municipal Paulo Rattes. No evento, tamb\u00e9m foi feito o an\u00fancio do concurso para GCM, que oferecer\u00e1 40 vagas imediatas e cerca de 70 vagas para cadastro de reserva.\u00a0<br>\u201cAp\u00f3s 17 anos, a Guarda ter\u00e1 um novo concurso, refor\u00e7ando nosso compromisso com a seguran\u00e7a e ordem p\u00fablica\u201d, comentou o prefeito Rubens Bomtempo, que esteve na inaugura\u00e7\u00e3o e destacou a import\u00e2ncia da integra\u00e7\u00e3o entre as for\u00e7as de seguran\u00e7a do munic\u00edpio. \u201cN\u00e3o fazemos nada sozinhos, e desta maneira, com a instala\u00e7\u00e3o do posto, poderemos avan\u00e7ar na promo\u00e7\u00e3o de pol\u00edticas p\u00fablicas para os distritos.\u00a0<br>No evento tamb\u00e9m foram entregues cinco novas viaturas modelo Cronos zero quil\u00f4metro \u00e0 GCM, doadas pelo Minist\u00e9rio da Justi\u00e7a para Petr\u00f3polis . \u201c\u00c9 uma grande alegria estar em mais uma entrega. Estamos empenhados em otimizar a integra\u00e7\u00e3o das for\u00e7as de seguran\u00e7a da nossa cidade e esta ser\u00e1\u00a0 uma base importante para o ordenamento urbano e tamb\u00e9m para o tr\u00e2nsito dos distritos\u201d, disse o secret\u00e1rio de Servi\u00e7os, Seguran\u00e7a e Ordem P\u00fablica, Ramon Mello.\u00a0<br>A reforma do espa\u00e7o para instala\u00e7\u00e3o do novo posto da Guarda tamb\u00e9m contou com uma parceria importante com a Secretaria de Meio Ambiente e o Comit\u00ea Gestor do Parque Municipal Paulo Rattes, em Itaipava. \u201cEstamos vivenciando diversas transforma\u00e7\u00f5es na cidade, e esta certamente vai contribuir na melhoria da seguran\u00e7a para popula\u00e7\u00e3o de Itaipava e Petr\u00f3polis em geral. E as obras que est\u00e3o em andamento no Parque corroboram essas transforma\u00e7\u00f5es\u201d, observou o secret\u00e1rio de Meio Ambiente Carlo Alberto Muniz.\u00a0<br>O posto rec\u00e9m inaugurado ter\u00e1 destacamento 24 horas, com alojamento e videomonitoramento do Parque. \u201cA Guarda Civil Municipal\u00a0 \u00e9 a segunda mais antiga do Brasil e neste ano completa 100 anos de exist\u00eancia. Agradecemos ao prefeito Rubens Bomtempo, ao Comit\u00ea Gestor do Parque Municipal Paulo Rattes e a todos os envolvidos pela implanta\u00e7\u00e3o da sede em Itaipava\u201d, finalizou o l\u00edder do governo na C\u00e2mara Municipal, vereador Gil Magno.\u00a0<\/p>\n","protected":false},"excerpt":{"rendered":"<p>An\u00fancio foi feito durante inaugura\u00e7\u00e3o de Posto da 2\u00aa Inspetoria da Guarda Civil Municipal em<\/p>\n","protected":false},"author":1,"featured_media":39124,"comment_status":"closed","ping_status":"open","sticky":false,"template":"","format":"standard","meta":{"spay_email":"","footnotes":"","jetpack_publicize_message":""},"categories":[24],"tags":[],"jetpack_featured_media_url":"https:\/\/i2.wp.com\/jornaldeitaipava.com.br\/wp-content\/uploads\/2024\/04\/WhatsApp-Image-2024-04-05-at-19.55.37.jpeg?fit=1280%2C853&ssl=1","jetpack_publicize_connections":[],"jetpack_sharing_enabled":true,"jetpack_likes_enabled":true,"jetpack-related-posts":[],"_links":{"self":[{"href":"https:\/\/jornaldeitaipava.com.br\/index.php\/wp-json\/wp\/v2\/posts\/39123"}],"collection":[{"href":"https:\/\/jornaldeitaipava.com.br\/index.php\/wp-json\/wp\/v2\/posts"}],"about":[{"href":"https:\/\/jornaldeitaipava.com.br\/index.php\/wp-json\/wp\/v2\/types\/post"}],"author":[{"embeddable":true,"href":"https:\/\/jornaldeitaipava.com.br\/index.php\/wp-json\/wp\/v2\/users\/1"}],"replies":[{"embeddable":true,"href":"https:\/\/jornaldeitaipava.com.br\/index.php\/wp-json\/wp\/v2\/comments?post=39123"}],"version-history":[{"count":1,"href":"https:\/\/jornaldeitaipava.com.br\/index.php\/wp-json\/wp\/v2\/posts\/39123\/revisions"}],"predecessor-version":[{"id":39125,"href":"https:\/\/jornaldeitaipava.com.br\/index.php\/wp-json\/wp\/v2\/posts\/39123\/revisions\/39125"}],"wp:featuredmedia":[{"embeddable":true,"href":"https:\/\/jornaldeitaipava.com.br\/index.php\/wp-json\/wp\/v2\/media\/39124"}],"wp:attachment":[{"href":"https:\/\/jornaldeitaipava.com.br\/index.php\/wp-json\/wp\/v2\/media?parent=39123"}],"wp:term":[{"taxonomy":"category","embeddable":true,"href":"https:\/\/jornaldeitaipava.com.br\/index.php\/wp-json\/wp\/v2\/categories?post=39123"},{"taxonomy":"post_tag","embeddable":true,"href":"https:\/\/jornaldeitaipava.com.br\/index.php\/wp-json\/wp\/v2\/tags?post=39123"}],"curies":[{"name":"wp","href":"https:\/\/api.w.org\/{rel}","templated":true}]}}